{"id":10010,"date":"2025-10-13T02:05:57","date_gmt":"2025-10-13T00:05:57","guid":{"rendered":"https:\/\/987aldia.com\/web\/la-guardia-civil-celebra-el-homenaje-a-la-virgen-del-pilar-en-ponferrada-con-emotivas-fotos\/"},"modified":"2025-10-13T02:05:57","modified_gmt":"2025-10-13T00:05:57","slug":"la-guardia-civil-celebra-el-homenaje-a-la-virgen-del-pilar-en-ponferrada-con-emotivas-fotos","status":"publish","type":"post","link":"https:\/\/987aldia.com\/web\/la-guardia-civil-celebra-el-homenaje-a-la-virgen-del-pilar-en-ponferrada-con-emotivas-fotos\/","title":{"rendered":"La Guardia Civil celebra el homenaje a la Virgen del Pilar en Ponferrada con emotivas fotos."},"content":{"rendered":"<p>La Guardia Civil de Ponferrada rindi\u00f3 homenaje a su patrona, la Virgen del Pilar, en una emotiva ceremonia presidida por el subdelegado del Gobierno en Le\u00f3n, H\u00e9ctor Alaiz. El acto, que tuvo lugar en la localidad leonesa, cont\u00f3 con la presencia del Ayuntamiento de Ponferrada, liderado por Marco Morala, as\u00ed como de otras autoridades civiles y militares.<\/p>\n<p>Durante la celebraci\u00f3n, se pudo observar la devoci\u00f3n y el respeto hacia la Virgen del Pilar por parte de los miembros de la Guardia Civil, quienes honraron a su patrona con c\u00e1nticos y ofrendas florales. La solemnidad del evento estuvo marcada por la presencia de banderas y uniformes, que resaltaban la importancia de la figura de la Virgen en la instituci\u00f3n.<\/p>\n<p>El homenaje fue un momento de uni\u00f3n y camarader\u00eda entre los miembros de la Guardia Civil y las autoridades locales, reafirmando el compromiso y la colaboraci\u00f3n entre ambas instituciones en pro de la seguridad y el bienestar de la comunidad. Sin duda, un acto que refleja la tradici\u00f3n y el arraigo de las celebraciones en honor a la Virgen del Pilar en Ponferrada.<\/p>\n","protected":false},"excerpt":{"rendered":"<p>La Guardia Civil de Ponferrada rindi\u00f3 homenaje a su patrona, la Virgen del Pilar, en una emotiva ceremonia presidida por el subdelegado del Gobierno en Le\u00f3n, H\u00e9ctor Alaiz. El acto, que tuvo lugar en la localidad leonesa, cont\u00f3 con la presencia del Ayuntamiento de Ponferrada, liderado por Marco Morala, as\u00ed como de otras autoridades civiles [&hellip;]<\/p>\n","protected":false},"author":1,"featured_media":10011,"comment_status":"open","ping_status":"closed","sticky":false,"template":"","format":"standard","meta":{"_monsterinsights_skip_tracking":false,"_monsterinsights_sitenote_active":false,"_monsterinsights_sitenote_note":"","_monsterinsights_sitenote_category":0,"site-container-style":"default","site-container-layout":"default","site-sidebar-layout":"default","disable-article-header":"default","disable-site-header":"default","disable-site-footer":"default","disable-content-area-spacing":"default","_jetpack_memberships_contains_paid_content":false,"footnotes":"","jetpack_publicize_message":"","jetpack_publicize_feature_enabled":true,"jetpack_social_post_already_shared":true,"jetpack_social_options":{"image_generator_settings":{"template":"highway","default_image_id":0,"font":"","enabled":false},"version":2}},"categories":[1],"tags":[],"class_list":["post-10010","post","type-post","status-publish","format-standard","has-post-thumbnail","hentry","category-uncategorized"],"jetpack_publicize_connections":[],"jetpack_featured_media_url":"https:\/\/987aldia.com\/web\/wp-content\/uploads\/2025\/10\/openai-image-1760313957.png","jetpack_sharing_enabled":true,"_links":{"self":[{"href":"https:\/\/987aldia.com\/web\/wp-json\/wp\/v2\/posts\/10010","targetHints":{"allow":["GET"]}}],"collection":[{"href":"https:\/\/987aldia.com\/web\/wp-json\/wp\/v2\/posts"}],"about":[{"href":"https:\/\/987aldia.com\/web\/wp-json\/wp\/v2\/types\/post"}],"author":[{"embeddable":true,"href":"https:\/\/987aldia.com\/web\/wp-json\/wp\/v2\/users\/1"}],"replies":[{"embeddable":true,"href":"https:\/\/987aldia.com\/web\/wp-json\/wp\/v2\/comments?post=10010"}],"version-history":[{"count":0,"href":"https:\/\/987aldia.com\/web\/wp-json\/wp\/v2\/posts\/10010\/revisions"}],"wp:featuredmedia":[{"embeddable":true,"href":"https:\/\/987aldia.com\/web\/wp-json\/wp\/v2\/media\/10011"}],"wp:attachment":[{"href":"https:\/\/987aldia.com\/web\/wp-json\/wp\/v2\/media?parent=10010"}],"wp:term":[{"taxonomy":"category","embeddable":true,"href":"https:\/\/987aldia.com\/web\/wp-json\/wp\/v2\/categories?post=10010"},{"taxonomy":"post_tag","embeddable":true,"href":"https:\/\/987aldia.com\/web\/wp-json\/wp\/v2\/tags?post=10010"}],"curies":[{"name":"wp","href":"https:\/\/api.w.org\/{rel}","templated":true}]}}