{"id":10018,"date":"2025-10-13T10:05:45","date_gmt":"2025-10-13T08:05:45","guid":{"rendered":"https:\/\/987aldia.com\/web\/llegada-masiva-de-ministros-a-la-cumbre-climatica\/"},"modified":"2025-10-13T10:05:45","modified_gmt":"2025-10-13T08:05:45","slug":"llegada-masiva-de-ministros-a-la-cumbre-climatica","status":"publish","type":"post","link":"https:\/\/987aldia.com\/web\/llegada-masiva-de-ministros-a-la-cumbre-climatica\/","title":{"rendered":"Llegada masiva de ministros a la cumbre clim\u00e1tica"},"content":{"rendered":"<p>Cuatro ministros desembarcaron en la cumbre clim\u00e1tica que se celebra en Ponferrada, mostrando as\u00ed el compromiso del Gobierno en la lucha contra el cambio clim\u00e1tico. Aagesen, Planas, Grande Marlasca y Morant se unen a esta importante reuni\u00f3n para discutir estrategias y medidas que contribuyan a la protecci\u00f3n del medio ambiente y la sostenibilidad.<\/p>\n<p>La presencia de estos altos funcionarios demuestra la importancia que el Ejecutivo otorga a esta problem\u00e1tica global, buscando coordinar esfuerzos a nivel nacional e internacional para enfrentar los desaf\u00edos medioambientales que afectan a todo el planeta. Con debates, mesas redondas y propuestas, se espera que esta cumbre sea un espacio de intercambio de ideas y soluciones para frenar el calentamiento global y sus devastadoras consecuencias.<\/p>\n<p>Esperemos que la participaci\u00f3n de estos ministros resulte en acciones concretas y compromisos firmes por parte del Gobierno para garantizar un futuro m\u00e1s sostenible para las generaciones venideras. La cumbre clim\u00e1tica en Ponferrada se presenta como una oportunidad clave para avanzar en la lucha contra el cambio clim\u00e1tico y proteger nuestro planeta.<\/p>\n","protected":false},"excerpt":{"rendered":"<p>Cuatro ministros desembarcaron en la cumbre clim\u00e1tica que se celebra en Ponferrada, mostrando as\u00ed el compromiso del Gobierno en la lucha contra el cambio clim\u00e1tico. Aagesen, Planas, Grande Marlasca y Morant se unen a esta importante reuni\u00f3n para discutir estrategias y medidas que contribuyan a la protecci\u00f3n del medio ambiente y la sostenibilidad. La presencia [&hellip;]<\/p>\n","protected":false},"author":1,"featured_media":10019,"comment_status":"open","ping_status":"closed","sticky":false,"template":"","format":"standard","meta":{"_monsterinsights_skip_tracking":false,"_monsterinsights_sitenote_active":false,"_monsterinsights_sitenote_note":"","_monsterinsights_sitenote_category":0,"site-container-style":"default","site-container-layout":"default","site-sidebar-layout":"default","disable-article-header":"default","disable-site-header":"default","disable-site-footer":"default","disable-content-area-spacing":"default","_jetpack_memberships_contains_paid_content":false,"footnotes":"","jetpack_publicize_message":"","jetpack_publicize_feature_enabled":true,"jetpack_social_post_already_shared":true,"jetpack_social_options":{"image_generator_settings":{"template":"highway","default_image_id":0,"font":"","enabled":false},"version":2}},"categories":[1],"tags":[],"class_list":["post-10018","post","type-post","status-publish","format-standard","has-post-thumbnail","hentry","category-uncategorized"],"jetpack_publicize_connections":[],"jetpack_featured_media_url":"https:\/\/987aldia.com\/web\/wp-content\/uploads\/2025\/10\/openai-image-1760342745.png","jetpack_sharing_enabled":true,"_links":{"self":[{"href":"https:\/\/987aldia.com\/web\/wp-json\/wp\/v2\/posts\/10018","targetHints":{"allow":["GET"]}}],"collection":[{"href":"https:\/\/987aldia.com\/web\/wp-json\/wp\/v2\/posts"}],"about":[{"href":"https:\/\/987aldia.com\/web\/wp-json\/wp\/v2\/types\/post"}],"author":[{"embeddable":true,"href":"https:\/\/987aldia.com\/web\/wp-json\/wp\/v2\/users\/1"}],"replies":[{"embeddable":true,"href":"https:\/\/987aldia.com\/web\/wp-json\/wp\/v2\/comments?post=10018"}],"version-history":[{"count":0,"href":"https:\/\/987aldia.com\/web\/wp-json\/wp\/v2\/posts\/10018\/revisions"}],"wp:featuredmedia":[{"embeddable":true,"href":"https:\/\/987aldia.com\/web\/wp-json\/wp\/v2\/media\/10019"}],"wp:attachment":[{"href":"https:\/\/987aldia.com\/web\/wp-json\/wp\/v2\/media?parent=10018"}],"wp:term":[{"taxonomy":"category","embeddable":true,"href":"https:\/\/987aldia.com\/web\/wp-json\/wp\/v2\/categories?post=10018"},{"taxonomy":"post_tag","embeddable":true,"href":"https:\/\/987aldia.com\/web\/wp-json\/wp\/v2\/tags?post=10018"}],"curies":[{"name":"wp","href":"https:\/\/api.w.org\/{rel}","templated":true}]}}