{"id":10022,"date":"2025-10-13T14:05:57","date_gmt":"2025-10-13T12:05:57","guid":{"rendered":"https:\/\/987aldia.com\/web\/marlaska-destaca-la-importancia-de-la-preparacion-ante-emergencias-para-las-administraciones\/"},"modified":"2025-10-13T14:05:57","modified_gmt":"2025-10-13T12:05:57","slug":"marlaska-destaca-la-importancia-de-la-preparacion-ante-emergencias-para-las-administraciones","status":"publish","type":"post","link":"https:\/\/987aldia.com\/web\/marlaska-destaca-la-importancia-de-la-preparacion-ante-emergencias-para-las-administraciones\/","title":{"rendered":"Marlaska destaca la importancia de la preparaci\u00f3n ante emergencias para las administraciones."},"content":{"rendered":"<p>El ministro del Interior, Fernando Grande-Marlaska, ha manifestado la importancia de fortalecer las medidas de prevenci\u00f3n y respuesta por parte de las administraciones ante situaciones de emergencia. Estas declaraciones tuvieron lugar durante su participaci\u00f3n en la inauguraci\u00f3n de la convenci\u00f3n \u00abPor un pacto de Estado frente a la emergencia clim\u00e1tica\u00bb, celebrada en Ponferrada.<\/p>\n<p>Grande-Marlaska destac\u00f3 la necesidad de adoptar pol\u00edticas y estrategias coordinadas que permitan hacer frente a los desaf\u00edos derivados del cambio clim\u00e1tico y sus impactos en la sociedad. En este sentido, subray\u00f3 la importancia de contar con un enfoque integral que involucre a todas las instituciones y actores relevantes para garantizar una respuesta efectiva en situaciones de crisis.<\/p>\n<p>La convenci\u00f3n, que reuni\u00f3 a expertos, representantes de distintas administraciones y organizaciones, busca sentar las bases para la adopci\u00f3n de un pacto de Estado que aborde de manera integral la emergencia clim\u00e1tica y promueva acciones concretas para mitigar sus efectos. Sin duda, la participaci\u00f3n del ministro del Interior en este evento refuerza el compromiso del Gobierno espa\u00f1ol en la lucha contra el cambio clim\u00e1tico y la protecci\u00f3n del medio ambiente.<\/p>\n","protected":false},"excerpt":{"rendered":"<p>El ministro del Interior, Fernando Grande-Marlaska, ha manifestado la importancia de fortalecer las medidas de prevenci\u00f3n y respuesta por parte de las administraciones ante situaciones de emergencia. Estas declaraciones tuvieron lugar durante su participaci\u00f3n en la inauguraci\u00f3n de la convenci\u00f3n \u00abPor un pacto de Estado frente a la emergencia clim\u00e1tica\u00bb, celebrada en Ponferrada. Grande-Marlaska destac\u00f3 [&hellip;]<\/p>\n","protected":false},"author":1,"featured_media":10023,"comment_status":"open","ping_status":"closed","sticky":false,"template":"","format":"standard","meta":{"_monsterinsights_skip_tracking":false,"_monsterinsights_sitenote_active":false,"_monsterinsights_sitenote_note":"","_monsterinsights_sitenote_category":0,"site-container-style":"default","site-container-layout":"default","site-sidebar-layout":"default","disable-article-header":"default","disable-site-header":"default","disable-site-footer":"default","disable-content-area-spacing":"default","_jetpack_memberships_contains_paid_content":false,"footnotes":"","jetpack_publicize_message":"","jetpack_publicize_feature_enabled":true,"jetpack_social_post_already_shared":true,"jetpack_social_options":{"image_generator_settings":{"template":"highway","default_image_id":0,"font":"","enabled":false},"version":2}},"categories":[1],"tags":[],"class_list":["post-10022","post","type-post","status-publish","format-standard","has-post-thumbnail","hentry","category-uncategorized"],"jetpack_publicize_connections":[],"jetpack_featured_media_url":"https:\/\/987aldia.com\/web\/wp-content\/uploads\/2025\/10\/openai-image-1760357157.png","jetpack_sharing_enabled":true,"_links":{"self":[{"href":"https:\/\/987aldia.com\/web\/wp-json\/wp\/v2\/posts\/10022","targetHints":{"allow":["GET"]}}],"collection":[{"href":"https:\/\/987aldia.com\/web\/wp-json\/wp\/v2\/posts"}],"about":[{"href":"https:\/\/987aldia.com\/web\/wp-json\/wp\/v2\/types\/post"}],"author":[{"embeddable":true,"href":"https:\/\/987aldia.com\/web\/wp-json\/wp\/v2\/users\/1"}],"replies":[{"embeddable":true,"href":"https:\/\/987aldia.com\/web\/wp-json\/wp\/v2\/comments?post=10022"}],"version-history":[{"count":0,"href":"https:\/\/987aldia.com\/web\/wp-json\/wp\/v2\/posts\/10022\/revisions"}],"wp:featuredmedia":[{"embeddable":true,"href":"https:\/\/987aldia.com\/web\/wp-json\/wp\/v2\/media\/10023"}],"wp:attachment":[{"href":"https:\/\/987aldia.com\/web\/wp-json\/wp\/v2\/media?parent=10022"}],"wp:term":[{"taxonomy":"category","embeddable":true,"href":"https:\/\/987aldia.com\/web\/wp-json\/wp\/v2\/categories?post=10022"},{"taxonomy":"post_tag","embeddable":true,"href":"https:\/\/987aldia.com\/web\/wp-json\/wp\/v2\/tags?post=10022"}],"curies":[{"name":"wp","href":"https:\/\/api.w.org\/{rel}","templated":true}]}}