{"id":10024,"date":"2025-10-13T16:06:39","date_gmt":"2025-10-13T14:06:39","guid":{"rendered":"https:\/\/987aldia.com\/web\/ministro-planas-insta-a-la-apertura-mental-frente-a-los-desafios-del-cambio-climatico\/"},"modified":"2025-10-13T16:06:39","modified_gmt":"2025-10-13T14:06:39","slug":"ministro-planas-insta-a-la-apertura-mental-frente-a-los-desafios-del-cambio-climatico","status":"publish","type":"post","link":"https:\/\/987aldia.com\/web\/ministro-planas-insta-a-la-apertura-mental-frente-a-los-desafios-del-cambio-climatico\/","title":{"rendered":"Ministro Planas insta a la apertura mental frente a los desaf\u00edos del cambio clim\u00e1tico"},"content":{"rendered":"<p>El ministro de Agricultura, Pesca y Alimentaci\u00f3n, Luis Planas, ha hecho un llamado a mantener la \u00abmente abierta\u00bb frente a los desaf\u00edos que plantea la emergencia clim\u00e1tica. Durante su participaci\u00f3n en el encuentro de expertos que se lleva a cabo en La T\u00e9rmica Cultural de Ponferrada, Planas destac\u00f3 la importancia de estar preparados para enfrentar los impactos del cambio clim\u00e1tico en el sector agr\u00edcola y alimentario.<\/p>\n<p>En un contexto donde la crisis clim\u00e1tica es una realidad cada vez m\u00e1s evidente, el ministro subray\u00f3 la necesidad de adoptar medidas concretas y de trabajar de manera conjunta para mitigar sus efectos. Asimismo, enfatiz\u00f3 la importancia de la colaboraci\u00f3n entre diferentes actores, incluyendo el sector p\u00fablico, el privado y la sociedad civil, para encontrar soluciones sostenibles y respetuosas con el medio ambiente.<\/p>\n<p>El encuentro de expertos, que se extender\u00e1 a lo largo de hoy y ma\u00f1ana, se presenta como una oportunidad para debatir y compartir conocimientos sobre c\u00f3mo adaptar la agricultura y la alimentaci\u00f3n a los desaf\u00edos clim\u00e1ticos actuales. La presencia de Planas en este evento refleja el compromiso del Gobierno espa\u00f1ol en la lucha contra el cambio clim\u00e1tico y en la b\u00fasqueda de soluciones innovadoras para garantizar la seguridad alimentaria en un mundo cada vez m\u00e1s afectado por fen\u00f3menos extremos.<\/p>\n","protected":false},"excerpt":{"rendered":"<p>El ministro de Agricultura, Pesca y Alimentaci\u00f3n, Luis Planas, ha hecho un llamado a mantener la \u00abmente abierta\u00bb frente a los desaf\u00edos que plantea la emergencia clim\u00e1tica. Durante su participaci\u00f3n en el encuentro de expertos que se lleva a cabo en La T\u00e9rmica Cultural de Ponferrada, Planas destac\u00f3 la importancia de estar preparados para enfrentar [&hellip;]<\/p>\n","protected":false},"author":1,"featured_media":10025,"comment_status":"open","ping_status":"closed","sticky":false,"template":"","format":"standard","meta":{"_monsterinsights_skip_tracking":false,"_monsterinsights_sitenote_active":false,"_monsterinsights_sitenote_note":"","_monsterinsights_sitenote_category":0,"site-container-style":"default","site-container-layout":"default","site-sidebar-layout":"default","disable-article-header":"default","disable-site-header":"default","disable-site-footer":"default","disable-content-area-spacing":"default","_jetpack_memberships_contains_paid_content":false,"footnotes":"","jetpack_publicize_message":"","jetpack_publicize_feature_enabled":true,"jetpack_social_post_already_shared":true,"jetpack_social_options":{"image_generator_settings":{"template":"highway","default_image_id":0,"font":"","enabled":false},"version":2}},"categories":[1],"tags":[],"class_list":["post-10024","post","type-post","status-publish","format-standard","has-post-thumbnail","hentry","category-uncategorized"],"jetpack_publicize_connections":[],"jetpack_featured_media_url":"https:\/\/987aldia.com\/web\/wp-content\/uploads\/2025\/10\/openai-image-1760364399.png","jetpack_sharing_enabled":true,"_links":{"self":[{"href":"https:\/\/987aldia.com\/web\/wp-json\/wp\/v2\/posts\/10024","targetHints":{"allow":["GET"]}}],"collection":[{"href":"https:\/\/987aldia.com\/web\/wp-json\/wp\/v2\/posts"}],"about":[{"href":"https:\/\/987aldia.com\/web\/wp-json\/wp\/v2\/types\/post"}],"author":[{"embeddable":true,"href":"https:\/\/987aldia.com\/web\/wp-json\/wp\/v2\/users\/1"}],"replies":[{"embeddable":true,"href":"https:\/\/987aldia.com\/web\/wp-json\/wp\/v2\/comments?post=10024"}],"version-history":[{"count":0,"href":"https:\/\/987aldia.com\/web\/wp-json\/wp\/v2\/posts\/10024\/revisions"}],"wp:featuredmedia":[{"embeddable":true,"href":"https:\/\/987aldia.com\/web\/wp-json\/wp\/v2\/media\/10025"}],"wp:attachment":[{"href":"https:\/\/987aldia.com\/web\/wp-json\/wp\/v2\/media?parent=10024"}],"wp:term":[{"taxonomy":"category","embeddable":true,"href":"https:\/\/987aldia.com\/web\/wp-json\/wp\/v2\/categories?post=10024"},{"taxonomy":"post_tag","embeddable":true,"href":"https:\/\/987aldia.com\/web\/wp-json\/wp\/v2\/tags?post=10024"}],"curies":[{"name":"wp","href":"https:\/\/api.w.org\/{rel}","templated":true}]}}