{"id":10026,"date":"2025-10-13T18:05:54","date_gmt":"2025-10-13T16:05:54","guid":{"rendered":"https:\/\/987aldia.com\/web\/la-unidad-canina-de-la-ume-impresiona-con-su-exhibicion-en-ponferrada-mira-las-impactantes-imagenes\/"},"modified":"2025-10-13T18:05:54","modified_gmt":"2025-10-13T16:05:54","slug":"la-unidad-canina-de-la-ume-impresiona-con-su-exhibicion-en-ponferrada-mira-las-impactantes-imagenes","status":"publish","type":"post","link":"https:\/\/987aldia.com\/web\/la-unidad-canina-de-la-ume-impresiona-con-su-exhibicion-en-ponferrada-mira-las-impactantes-imagenes\/","title":{"rendered":"\u00abLa Unidad Canina de la UME impresiona con su exhibici\u00f3n en Ponferrada: \u00a1Mira las impactantes im\u00e1genes!\u00bb"},"content":{"rendered":"<p>En el marco de la convenci\u00f3n por un Pacto de Estado frente a la Emergencia Clim\u00e1tica en Ponferrada, se llev\u00f3 a cabo una emocionante exhibici\u00f3n a cargo de la Unidad Canina de la Unidad Militar de Emergencias. Las impactantes im\u00e1genes capturadas durante el evento muestran el incre\u00edble trabajo y entrenamiento de estos valientes perros, que desempe\u00f1an un papel fundamental en situaciones de emergencia y rescate.<\/p>\n<p>Los asistentes no solo pudieron disfrutar de la destreza y habilidades de los canes, sino que tambi\u00e9n pudieron apreciar de cerca el importante rol que juegan en la protecci\u00f3n y salvaguarda de la ciudadan\u00eda. La exhibici\u00f3n demostr\u00f3 la estrecha colaboraci\u00f3n entre estos fieles compa\u00f1eros de cuatro patas y sus adiestradores, quienes trabajan incansablemente para garantizar la seguridad en situaciones cr\u00edticas.<\/p>\n<p>Sin duda, la presencia de la Unidad Canina de la UME en Ponferrada dej\u00f3 una huella imborrable en los espectadores, quienes pudieron ser testigos de primera mano del compromiso y profesionalismo de estos extraordinarios animales.<\/p>\n","protected":false},"excerpt":{"rendered":"<p>En el marco de la convenci\u00f3n por un Pacto de Estado frente a la Emergencia Clim\u00e1tica en Ponferrada, se llev\u00f3 a cabo una emocionante exhibici\u00f3n a cargo de la Unidad Canina de la Unidad Militar de Emergencias. Las impactantes im\u00e1genes capturadas durante el evento muestran el incre\u00edble trabajo y entrenamiento de estos valientes perros, que [&hellip;]<\/p>\n","protected":false},"author":1,"featured_media":10027,"comment_status":"open","ping_status":"closed","sticky":false,"template":"","format":"standard","meta":{"_monsterinsights_skip_tracking":false,"_monsterinsights_sitenote_active":false,"_monsterinsights_sitenote_note":"","_monsterinsights_sitenote_category":0,"site-container-style":"default","site-container-layout":"default","site-sidebar-layout":"default","disable-article-header":"default","disable-site-header":"default","disable-site-footer":"default","disable-content-area-spacing":"default","_jetpack_memberships_contains_paid_content":false,"footnotes":"","jetpack_publicize_message":"","jetpack_publicize_feature_enabled":true,"jetpack_social_post_already_shared":true,"jetpack_social_options":{"image_generator_settings":{"template":"highway","default_image_id":0,"font":"","enabled":false},"version":2}},"categories":[1],"tags":[],"class_list":["post-10026","post","type-post","status-publish","format-standard","has-post-thumbnail","hentry","category-uncategorized"],"jetpack_publicize_connections":[],"jetpack_featured_media_url":"https:\/\/987aldia.com\/web\/wp-content\/uploads\/2025\/10\/openai-image-1760371554.png","jetpack_sharing_enabled":true,"_links":{"self":[{"href":"https:\/\/987aldia.com\/web\/wp-json\/wp\/v2\/posts\/10026","targetHints":{"allow":["GET"]}}],"collection":[{"href":"https:\/\/987aldia.com\/web\/wp-json\/wp\/v2\/posts"}],"about":[{"href":"https:\/\/987aldia.com\/web\/wp-json\/wp\/v2\/types\/post"}],"author":[{"embeddable":true,"href":"https:\/\/987aldia.com\/web\/wp-json\/wp\/v2\/users\/1"}],"replies":[{"embeddable":true,"href":"https:\/\/987aldia.com\/web\/wp-json\/wp\/v2\/comments?post=10026"}],"version-history":[{"count":0,"href":"https:\/\/987aldia.com\/web\/wp-json\/wp\/v2\/posts\/10026\/revisions"}],"wp:featuredmedia":[{"embeddable":true,"href":"https:\/\/987aldia.com\/web\/wp-json\/wp\/v2\/media\/10027"}],"wp:attachment":[{"href":"https:\/\/987aldia.com\/web\/wp-json\/wp\/v2\/media?parent=10026"}],"wp:term":[{"taxonomy":"category","embeddable":true,"href":"https:\/\/987aldia.com\/web\/wp-json\/wp\/v2\/categories?post=10026"},{"taxonomy":"post_tag","embeddable":true,"href":"https:\/\/987aldia.com\/web\/wp-json\/wp\/v2\/tags?post=10026"}],"curies":[{"name":"wp","href":"https:\/\/api.w.org\/{rel}","templated":true}]}}