{"id":10047,"date":"2025-10-14T16:05:49","date_gmt":"2025-10-14T14:05:49","guid":{"rendered":"https:\/\/987aldia.com\/web\/el-presupuesto-de-castilla-y-leon-alcanza-un-maximo-historico-con-un-incremento-del-792-hasta-los-15-715-millones-de-euros\/"},"modified":"2025-10-14T16:05:49","modified_gmt":"2025-10-14T14:05:49","slug":"el-presupuesto-de-castilla-y-leon-alcanza-un-maximo-historico-con-un-incremento-del-792-hasta-los-15-715-millones-de-euros","status":"publish","type":"post","link":"https:\/\/987aldia.com\/web\/el-presupuesto-de-castilla-y-leon-alcanza-un-maximo-historico-con-un-incremento-del-792-hasta-los-15-715-millones-de-euros\/","title":{"rendered":"El presupuesto de Castilla y Le\u00f3n alcanza un m\u00e1ximo hist\u00f3rico con un incremento del 7,92% hasta los 15.715 millones de euros"},"content":{"rendered":"<p>Los presupuestos de la comunidad aut\u00f3noma de Castilla y Le\u00f3n han experimentado un significativo aumento del 7,92 por ciento, alcanzando una cifra r\u00e9cord de 15.715 millones de euros. El presidente de la regi\u00f3n, Alfonso Fern\u00e1ndez Ma\u00f1ueco, ha destacado que estas cuentas est\u00e1n orientadas hacia el crecimiento econ\u00f3mico, la generaci\u00f3n de empleo, la protecci\u00f3n de la familia y la excelencia de los servicios p\u00fablicos.<\/p>\n<p>Este incremento presupuestario refleja la apuesta del gobierno regional por impulsar la recuperaci\u00f3n econ\u00f3mica y social en un contexto marcado por la crisis derivada de la pandemia de COVID-19. Se espera que estas inversiones contribuyan a dinamizar la actividad econ\u00f3mica, fomentar la creaci\u00f3n de puestos de trabajo y garantizar la prestaci\u00f3n de servicios p\u00fablicos de calidad a los ciudadanos de Castilla y Le\u00f3n.<\/p>\n<p>Entre las principales \u00e1reas beneficiadas por este aumento presupuestario se encuentran la sanidad, la educaci\u00f3n, la asistencia social y las pol\u00edticas de empleo. Se espera que estas partidas permitan hacer frente a los desaf\u00edos actuales y sentar las bases para una recuperaci\u00f3n sostenible en la regi\u00f3n.<\/p>\n<p>El gobierno regional ha manifestado su compromiso de gestionar de forma eficiente estos recursos con el objetivo de impulsar el desarrollo econ\u00f3mico y social de Castilla y Le\u00f3n, priorizando siempre el bienestar de sus ciudadanos y la mejora de la calidad de vida en la regi\u00f3n.<\/p>\n","protected":false},"excerpt":{"rendered":"<p>Los presupuestos de la comunidad aut\u00f3noma de Castilla y Le\u00f3n han experimentado un significativo aumento del 7,92 por ciento, alcanzando una cifra r\u00e9cord de 15.715 millones de euros. El presidente de la regi\u00f3n, Alfonso Fern\u00e1ndez Ma\u00f1ueco, ha destacado que estas cuentas est\u00e1n orientadas hacia el crecimiento econ\u00f3mico, la generaci\u00f3n de empleo, la protecci\u00f3n de la [&hellip;]<\/p>\n","protected":false},"author":1,"featured_media":10048,"comment_status":"open","ping_status":"closed","sticky":false,"template":"","format":"standard","meta":{"_monsterinsights_skip_tracking":false,"_monsterinsights_sitenote_active":false,"_monsterinsights_sitenote_note":"","_monsterinsights_sitenote_category":0,"site-container-style":"default","site-container-layout":"default","site-sidebar-layout":"default","disable-article-header":"default","disable-site-header":"default","disable-site-footer":"default","disable-content-area-spacing":"default","_jetpack_memberships_contains_paid_content":false,"footnotes":"","jetpack_publicize_message":"","jetpack_publicize_feature_enabled":true,"jetpack_social_post_already_shared":true,"jetpack_social_options":{"image_generator_settings":{"template":"highway","default_image_id":0,"font":"","enabled":false},"version":2}},"categories":[1],"tags":[],"class_list":["post-10047","post","type-post","status-publish","format-standard","has-post-thumbnail","hentry","category-uncategorized"],"jetpack_publicize_connections":[],"jetpack_featured_media_url":"https:\/\/987aldia.com\/web\/wp-content\/uploads\/2025\/10\/openai-image-1760450749.png","jetpack_sharing_enabled":true,"_links":{"self":[{"href":"https:\/\/987aldia.com\/web\/wp-json\/wp\/v2\/posts\/10047","targetHints":{"allow":["GET"]}}],"collection":[{"href":"https:\/\/987aldia.com\/web\/wp-json\/wp\/v2\/posts"}],"about":[{"href":"https:\/\/987aldia.com\/web\/wp-json\/wp\/v2\/types\/post"}],"author":[{"embeddable":true,"href":"https:\/\/987aldia.com\/web\/wp-json\/wp\/v2\/users\/1"}],"replies":[{"embeddable":true,"href":"https:\/\/987aldia.com\/web\/wp-json\/wp\/v2\/comments?post=10047"}],"version-history":[{"count":0,"href":"https:\/\/987aldia.com\/web\/wp-json\/wp\/v2\/posts\/10047\/revisions"}],"wp:featuredmedia":[{"embeddable":true,"href":"https:\/\/987aldia.com\/web\/wp-json\/wp\/v2\/media\/10048"}],"wp:attachment":[{"href":"https:\/\/987aldia.com\/web\/wp-json\/wp\/v2\/media?parent=10047"}],"wp:term":[{"taxonomy":"category","embeddable":true,"href":"https:\/\/987aldia.com\/web\/wp-json\/wp\/v2\/categories?post=10047"},{"taxonomy":"post_tag","embeddable":true,"href":"https:\/\/987aldia.com\/web\/wp-json\/wp\/v2\/tags?post=10047"}],"curies":[{"name":"wp","href":"https:\/\/api.w.org\/{rel}","templated":true}]}}