{"id":10049,"date":"2025-10-14T18:05:56","date_gmt":"2025-10-14T16:05:56","guid":{"rendered":"https:\/\/987aldia.com\/web\/tragico-accidente-conductor-de-camion-muere-al-colisionar-con-un-tren-tras-perder-el-control\/"},"modified":"2025-10-14T18:05:56","modified_gmt":"2025-10-14T16:05:56","slug":"tragico-accidente-conductor-de-camion-muere-al-colisionar-con-un-tren-tras-perder-el-control","status":"publish","type":"post","link":"https:\/\/987aldia.com\/web\/tragico-accidente-conductor-de-camion-muere-al-colisionar-con-un-tren-tras-perder-el-control\/","title":{"rendered":"Tr\u00e1gico accidente: Conductor de cami\u00f3n muere al colisionar con un tren tras perder el control"},"content":{"rendered":"<p>Tragedia en la carretera que conmociona a la provincia de Salamanca. Un conductor de un cami\u00f3n perdi\u00f3 la vida en un fatal accidente ocurrido en la A-62, a la altura del kil\u00f3metro 252, en Carrascal de Barregas. Seg\u00fan informaron las autoridades, el veh\u00edculo se sali\u00f3 de la v\u00eda, volc\u00f3 y colision\u00f3 violentamente con un tren de mercanc\u00edas. El impacto fue tan grave que el conductor del cami\u00f3n falleci\u00f3 en el acto.<\/p>\n<p>Este tr\u00e1gico suceso ha dejado consternada a la comunidad local, que lamenta la p\u00e9rdida de una vida en un accidente de tr\u00e1fico tan devastador. Las autoridades han iniciado las investigaciones para esclarecer las circunstancias que llevaron a este fatal desenlace y determinar las posibles causas del accidente.<\/p>\n<p>Nuestro m\u00e1s sentido p\u00e9same a los familiares y seres queridos del conductor fallecido en este tr\u00e1gico accidente. La seguridad vial es responsabilidad de todos, y es fundamental extremar las precauciones y respetar las normas de circulaci\u00f3n para evitar situaciones tan lamentables como esta.<\/p>\n","protected":false},"excerpt":{"rendered":"<p>Tragedia en la carretera que conmociona a la provincia de Salamanca. Un conductor de un cami\u00f3n perdi\u00f3 la vida en un fatal accidente ocurrido en la A-62, a la altura del kil\u00f3metro 252, en Carrascal de Barregas. Seg\u00fan informaron las autoridades, el veh\u00edculo se sali\u00f3 de la v\u00eda, volc\u00f3 y colision\u00f3 violentamente con un tren [&hellip;]<\/p>\n","protected":false},"author":1,"featured_media":0,"comment_status":"open","ping_status":"closed","sticky":false,"template":"","format":"standard","meta":{"_monsterinsights_skip_tracking":false,"_monsterinsights_sitenote_active":false,"_monsterinsights_sitenote_note":"","_monsterinsights_sitenote_category":0,"site-container-style":"default","site-container-layout":"default","site-sidebar-layout":"default","disable-article-header":"default","disable-site-header":"default","disable-site-footer":"default","disable-content-area-spacing":"default","_jetpack_memberships_contains_paid_content":false,"footnotes":"","jetpack_publicize_message":"","jetpack_publicize_feature_enabled":true,"jetpack_social_post_already_shared":true,"jetpack_social_options":{"image_generator_settings":{"template":"highway","default_image_id":0,"font":"","enabled":false},"version":2}},"categories":[1],"tags":[],"class_list":["post-10049","post","type-post","status-publish","format-standard","hentry","category-uncategorized"],"jetpack_publicize_connections":[],"jetpack_featured_media_url":"","jetpack_sharing_enabled":true,"_links":{"self":[{"href":"https:\/\/987aldia.com\/web\/wp-json\/wp\/v2\/posts\/10049","targetHints":{"allow":["GET"]}}],"collection":[{"href":"https:\/\/987aldia.com\/web\/wp-json\/wp\/v2\/posts"}],"about":[{"href":"https:\/\/987aldia.com\/web\/wp-json\/wp\/v2\/types\/post"}],"author":[{"embeddable":true,"href":"https:\/\/987aldia.com\/web\/wp-json\/wp\/v2\/users\/1"}],"replies":[{"embeddable":true,"href":"https:\/\/987aldia.com\/web\/wp-json\/wp\/v2\/comments?post=10049"}],"version-history":[{"count":0,"href":"https:\/\/987aldia.com\/web\/wp-json\/wp\/v2\/posts\/10049\/revisions"}],"wp:attachment":[{"href":"https:\/\/987aldia.com\/web\/wp-json\/wp\/v2\/media?parent=10049"}],"wp:term":[{"taxonomy":"category","embeddable":true,"href":"https:\/\/987aldia.com\/web\/wp-json\/wp\/v2\/categories?post=10049"},{"taxonomy":"post_tag","embeddable":true,"href":"https:\/\/987aldia.com\/web\/wp-json\/wp\/v2\/tags?post=10049"}],"curies":[{"name":"wp","href":"https:\/\/api.w.org\/{rel}","templated":true}]}}