{"id":10059,"date":"2025-10-15T08:06:55","date_gmt":"2025-10-15T06:06:55","guid":{"rendered":"https:\/\/987aldia.com\/web\/foco-en-las-comarcas-generacion-de-empleo-destaca-en-el-congreso\/"},"modified":"2025-10-15T08:06:55","modified_gmt":"2025-10-15T06:06:55","slug":"foco-en-las-comarcas-generacion-de-empleo-destaca-en-el-congreso","status":"publish","type":"post","link":"https:\/\/987aldia.com\/web\/foco-en-las-comarcas-generacion-de-empleo-destaca-en-el-congreso\/","title":{"rendered":"Foco en las comarcas: generaci\u00f3n de empleo destaca en el congreso"},"content":{"rendered":"<p>El segundo d\u00eda del congreso estuvo marcado por un enfoque en las comarcas y la creaci\u00f3n de empleo, temas cruciales en la agenda pol\u00edtica y econ\u00f3mica actual. La jornada fue inaugurada por el presidente de la Diputaci\u00f3n, Gerardo \u00c1lvarez Courel, quien destac\u00f3 la importancia de impulsar el desarrollo en las zonas rurales.<\/p>\n<p>Durante la sesi\u00f3n, se cont\u00f3 con la participaci\u00f3n de destacados expertos como Mario Amilivia y Marco Morala, quienes aportaron su visi\u00f3n y propuestas para fomentar la generaci\u00f3n de empleo en las comarcas. El cierre del foro estuvo a cargo de Morala, quien enfatiz\u00f3 la necesidad de pol\u00edticas activas que promuevan la igualdad de oportunidades laborales en todos los territorios.<\/p>\n<p>El debate y las reflexiones compartidas durante esta jornada ponen de manifiesto la importancia de trabajar de manera conjunta para impulsar el desarrollo regional y combatir la desigualdad en el acceso al empleo. Sin duda, la creaci\u00f3n de sinergias entre los diferentes actores involucrados resulta fundamental para construir un futuro m\u00e1s pr\u00f3spero y equitativo para todos.<\/p>\n","protected":false},"excerpt":{"rendered":"<p>El segundo d\u00eda del congreso estuvo marcado por un enfoque en las comarcas y la creaci\u00f3n de empleo, temas cruciales en la agenda pol\u00edtica y econ\u00f3mica actual. La jornada fue inaugurada por el presidente de la Diputaci\u00f3n, Gerardo \u00c1lvarez Courel, quien destac\u00f3 la importancia de impulsar el desarrollo en las zonas rurales. Durante la sesi\u00f3n, [&hellip;]<\/p>\n","protected":false},"author":1,"featured_media":10060,"comment_status":"open","ping_status":"closed","sticky":false,"template":"","format":"standard","meta":{"_monsterinsights_skip_tracking":false,"_monsterinsights_sitenote_active":false,"_monsterinsights_sitenote_note":"","_monsterinsights_sitenote_category":0,"site-container-style":"default","site-container-layout":"default","site-sidebar-layout":"default","disable-article-header":"default","disable-site-header":"default","disable-site-footer":"default","disable-content-area-spacing":"default","_jetpack_memberships_contains_paid_content":false,"footnotes":"","jetpack_publicize_message":"","jetpack_publicize_feature_enabled":true,"jetpack_social_post_already_shared":true,"jetpack_social_options":{"image_generator_settings":{"template":"highway","default_image_id":0,"font":"","enabled":false},"version":2}},"categories":[1],"tags":[],"class_list":["post-10059","post","type-post","status-publish","format-standard","has-post-thumbnail","hentry","category-uncategorized"],"jetpack_publicize_connections":[],"jetpack_featured_media_url":"https:\/\/987aldia.com\/web\/wp-content\/uploads\/2025\/10\/openai-image-1760508415.png","jetpack_sharing_enabled":true,"_links":{"self":[{"href":"https:\/\/987aldia.com\/web\/wp-json\/wp\/v2\/posts\/10059","targetHints":{"allow":["GET"]}}],"collection":[{"href":"https:\/\/987aldia.com\/web\/wp-json\/wp\/v2\/posts"}],"about":[{"href":"https:\/\/987aldia.com\/web\/wp-json\/wp\/v2\/types\/post"}],"author":[{"embeddable":true,"href":"https:\/\/987aldia.com\/web\/wp-json\/wp\/v2\/users\/1"}],"replies":[{"embeddable":true,"href":"https:\/\/987aldia.com\/web\/wp-json\/wp\/v2\/comments?post=10059"}],"version-history":[{"count":0,"href":"https:\/\/987aldia.com\/web\/wp-json\/wp\/v2\/posts\/10059\/revisions"}],"wp:featuredmedia":[{"embeddable":true,"href":"https:\/\/987aldia.com\/web\/wp-json\/wp\/v2\/media\/10060"}],"wp:attachment":[{"href":"https:\/\/987aldia.com\/web\/wp-json\/wp\/v2\/media?parent=10059"}],"wp:term":[{"taxonomy":"category","embeddable":true,"href":"https:\/\/987aldia.com\/web\/wp-json\/wp\/v2\/categories?post=10059"},{"taxonomy":"post_tag","embeddable":true,"href":"https:\/\/987aldia.com\/web\/wp-json\/wp\/v2\/tags?post=10059"}],"curies":[{"name":"wp","href":"https:\/\/api.w.org\/{rel}","templated":true}]}}