{"id":10063,"date":"2025-10-15T12:06:07","date_gmt":"2025-10-15T10:06:07","guid":{"rendered":"https:\/\/987aldia.com\/web\/courel-destaca-el-medio-rural-es-el-futuro-de-nuestra-provincia-no-el-pasado\/"},"modified":"2025-10-15T12:06:07","modified_gmt":"2025-10-15T10:06:07","slug":"courel-destaca-el-medio-rural-es-el-futuro-de-nuestra-provincia-no-el-pasado","status":"publish","type":"post","link":"https:\/\/987aldia.com\/web\/courel-destaca-el-medio-rural-es-el-futuro-de-nuestra-provincia-no-el-pasado\/","title":{"rendered":"Courel destaca: \u00abEl medio rural es el futuro de nuestra provincia, no el pasado\u00bb"},"content":{"rendered":"<p>En un rotundo mensaje de optimismo y proyecci\u00f3n hacia el futuro, el presidente de la Diputaci\u00f3n de Le\u00f3n, Eduardo Mor\u00e1n, hizo hincapi\u00e9 en la relevancia del medio rural como una pieza fundamental para el desarrollo de la provincia. Durante la segunda jornada del VII Congreso Diario de Le\u00f3n sobre Despoblaci\u00f3n, Mor\u00e1n afirm\u00f3 que el medio rural no debe ser visto como un vestigio del pasado, sino como un pilar indispensable para construir un futuro pr\u00f3spero y sostenible.<\/p>\n<p>Bajo el lema \u00abEl medio rural no es el pasado, sino el futuro de nuestra provincia\u00bb, el mandatario resalt\u00f3 la importancia de impulsar pol\u00edticas y medidas que favorezcan la reactivaci\u00f3n de las zonas rurales, promoviendo la creaci\u00f3n de empleo, la diversificaci\u00f3n econ\u00f3mica y la mejora de los servicios p\u00fablicos. En este sentido, destac\u00f3 la necesidad de fomentar la innovaci\u00f3n, la digitalizaci\u00f3n y la conectividad en el \u00e1mbito rural para garantizar su competitividad y su atractivo para los j\u00f3venes.<\/p>\n<p>Mor\u00e1n inst\u00f3 a trabajar de manera conjunta y coordinada entre las administraciones p\u00fablicas, el sector privado y la sociedad civil para afrontar el reto de la despoblaci\u00f3n y garantizar un futuro pr\u00f3spero para la provincia de Le\u00f3n. En un contexto marcado por la crisis demogr\u00e1fica y la p\u00e9rdida de poblaci\u00f3n en numerosas zonas rurales, el presidente de la Diputaci\u00f3n se mostr\u00f3 convencido de que el medio rural tiene un papel fundamental en la construcci\u00f3n de un modelo de desarrollo sostenible y equitativo para todos sus habitantes.<\/p>\n","protected":false},"excerpt":{"rendered":"<p>En un rotundo mensaje de optimismo y proyecci\u00f3n hacia el futuro, el presidente de la Diputaci\u00f3n de Le\u00f3n, Eduardo Mor\u00e1n, hizo hincapi\u00e9 en la relevancia del medio rural como una pieza fundamental para el desarrollo de la provincia. Durante la segunda jornada del VII Congreso Diario de Le\u00f3n sobre Despoblaci\u00f3n, Mor\u00e1n afirm\u00f3 que el medio [&hellip;]<\/p>\n","protected":false},"author":1,"featured_media":10064,"comment_status":"open","ping_status":"closed","sticky":false,"template":"","format":"standard","meta":{"_monsterinsights_skip_tracking":false,"_monsterinsights_sitenote_active":false,"_monsterinsights_sitenote_note":"","_monsterinsights_sitenote_category":0,"site-container-style":"default","site-container-layout":"default","site-sidebar-layout":"default","disable-article-header":"default","disable-site-header":"default","disable-site-footer":"default","disable-content-area-spacing":"default","_jetpack_memberships_contains_paid_content":false,"footnotes":"","jetpack_publicize_message":"","jetpack_publicize_feature_enabled":true,"jetpack_social_post_already_shared":true,"jetpack_social_options":{"image_generator_settings":{"template":"highway","default_image_id":0,"font":"","enabled":false},"version":2}},"categories":[1],"tags":[],"class_list":["post-10063","post","type-post","status-publish","format-standard","has-post-thumbnail","hentry","category-uncategorized"],"jetpack_publicize_connections":[],"jetpack_featured_media_url":"https:\/\/987aldia.com\/web\/wp-content\/uploads\/2025\/10\/openai-image-1760522767.png","jetpack_sharing_enabled":true,"_links":{"self":[{"href":"https:\/\/987aldia.com\/web\/wp-json\/wp\/v2\/posts\/10063","targetHints":{"allow":["GET"]}}],"collection":[{"href":"https:\/\/987aldia.com\/web\/wp-json\/wp\/v2\/posts"}],"about":[{"href":"https:\/\/987aldia.com\/web\/wp-json\/wp\/v2\/types\/post"}],"author":[{"embeddable":true,"href":"https:\/\/987aldia.com\/web\/wp-json\/wp\/v2\/users\/1"}],"replies":[{"embeddable":true,"href":"https:\/\/987aldia.com\/web\/wp-json\/wp\/v2\/comments?post=10063"}],"version-history":[{"count":0,"href":"https:\/\/987aldia.com\/web\/wp-json\/wp\/v2\/posts\/10063\/revisions"}],"wp:featuredmedia":[{"embeddable":true,"href":"https:\/\/987aldia.com\/web\/wp-json\/wp\/v2\/media\/10064"}],"wp:attachment":[{"href":"https:\/\/987aldia.com\/web\/wp-json\/wp\/v2\/media?parent=10063"}],"wp:term":[{"taxonomy":"category","embeddable":true,"href":"https:\/\/987aldia.com\/web\/wp-json\/wp\/v2\/categories?post=10063"},{"taxonomy":"post_tag","embeddable":true,"href":"https:\/\/987aldia.com\/web\/wp-json\/wp\/v2\/tags?post=10063"}],"curies":[{"name":"wp","href":"https:\/\/api.w.org\/{rel}","templated":true}]}}