{"id":10071,"date":"2025-10-15T20:05:52","date_gmt":"2025-10-15T18:05:52","guid":{"rendered":"https:\/\/987aldia.com\/web\/celebracion-festiva-en-valencia-de-don-juan-durante-la-vendimia\/"},"modified":"2025-10-15T20:05:52","modified_gmt":"2025-10-15T18:05:52","slug":"celebracion-festiva-en-valencia-de-don-juan-durante-la-vendimia","status":"publish","type":"post","link":"https:\/\/987aldia.com\/web\/celebracion-festiva-en-valencia-de-don-juan-durante-la-vendimia\/","title":{"rendered":"Celebraci\u00f3n festiva en Valencia de Don Juan durante la vendimia"},"content":{"rendered":"<p>La localidad de Valencia de Don Juan se visti\u00f3 de fiesta para celebrar la tradicional vendimia, un evento que marca el final de la campa\u00f1a de recogida de la Denominaci\u00f3n de Origen Le\u00f3n. Organizado por la DO Le\u00f3n y el Ayuntamiento, este s\u00e1bado fue un d\u00eda de alegr\u00eda y celebraci\u00f3n en el que participaron tanto lugare\u00f1os como turistas.<\/p>\n<p>Las calles se llenaron de colorido con puestos de venta de productos locales, degustaciones de vinos de la regi\u00f3n y actividades culturales para toda la familia. La m\u00fasica y el baile amenizaron la jornada, creando un ambiente festivo y acogedor.<\/p>\n<p>Los productores de la regi\u00f3n aprovecharon la ocasi\u00f3n para mostrar la calidad de sus vinos y dar a conocer el arduo trabajo que hay detr\u00e1s de cada botella. La vendimia no solo es una celebraci\u00f3n, sino tambi\u00e9n un homenaje al esfuerzo de quienes dedican su vida a cuidar de la tierra y producir vinos de excelencia.<\/p>\n<p>As\u00ed, entre risas, brindis y el aroma embriagador de la uva, Valencia de Don Juan se convirti\u00f3 en el epicentro de la viticultura leonesa, reafirmando su posici\u00f3n como una de las zonas vin\u00edcolas m\u00e1s importantes de la regi\u00f3n. Sin duda, la vendimia es mucho m\u00e1s que una actividad agr\u00edcola, es una fiesta que une a toda una comunidad en torno a una tradici\u00f3n centenaria.<\/p>\n","protected":false},"excerpt":{"rendered":"<p>La localidad de Valencia de Don Juan se visti\u00f3 de fiesta para celebrar la tradicional vendimia, un evento que marca el final de la campa\u00f1a de recogida de la Denominaci\u00f3n de Origen Le\u00f3n. Organizado por la DO Le\u00f3n y el Ayuntamiento, este s\u00e1bado fue un d\u00eda de alegr\u00eda y celebraci\u00f3n en el que participaron tanto [&hellip;]<\/p>\n","protected":false},"author":1,"featured_media":10072,"comment_status":"open","ping_status":"closed","sticky":false,"template":"","format":"standard","meta":{"_monsterinsights_skip_tracking":false,"_monsterinsights_sitenote_active":false,"_monsterinsights_sitenote_note":"","_monsterinsights_sitenote_category":0,"site-container-style":"default","site-container-layout":"default","site-sidebar-layout":"default","disable-article-header":"default","disable-site-header":"default","disable-site-footer":"default","disable-content-area-spacing":"default","_jetpack_memberships_contains_paid_content":false,"footnotes":"","jetpack_publicize_message":"","jetpack_publicize_feature_enabled":true,"jetpack_social_post_already_shared":true,"jetpack_social_options":{"image_generator_settings":{"template":"highway","default_image_id":0,"font":"","enabled":false},"version":2}},"categories":[1],"tags":[],"class_list":["post-10071","post","type-post","status-publish","format-standard","has-post-thumbnail","hentry","category-uncategorized"],"jetpack_publicize_connections":[],"jetpack_featured_media_url":"https:\/\/987aldia.com\/web\/wp-content\/uploads\/2025\/10\/openai-image-1760551552.png","jetpack_sharing_enabled":true,"_links":{"self":[{"href":"https:\/\/987aldia.com\/web\/wp-json\/wp\/v2\/posts\/10071","targetHints":{"allow":["GET"]}}],"collection":[{"href":"https:\/\/987aldia.com\/web\/wp-json\/wp\/v2\/posts"}],"about":[{"href":"https:\/\/987aldia.com\/web\/wp-json\/wp\/v2\/types\/post"}],"author":[{"embeddable":true,"href":"https:\/\/987aldia.com\/web\/wp-json\/wp\/v2\/users\/1"}],"replies":[{"embeddable":true,"href":"https:\/\/987aldia.com\/web\/wp-json\/wp\/v2\/comments?post=10071"}],"version-history":[{"count":0,"href":"https:\/\/987aldia.com\/web\/wp-json\/wp\/v2\/posts\/10071\/revisions"}],"wp:featuredmedia":[{"embeddable":true,"href":"https:\/\/987aldia.com\/web\/wp-json\/wp\/v2\/media\/10072"}],"wp:attachment":[{"href":"https:\/\/987aldia.com\/web\/wp-json\/wp\/v2\/media?parent=10071"}],"wp:term":[{"taxonomy":"category","embeddable":true,"href":"https:\/\/987aldia.com\/web\/wp-json\/wp\/v2\/categories?post=10071"},{"taxonomy":"post_tag","embeddable":true,"href":"https:\/\/987aldia.com\/web\/wp-json\/wp\/v2\/tags?post=10071"}],"curies":[{"name":"wp","href":"https:\/\/api.w.org\/{rel}","templated":true}]}}