{"id":10083,"date":"2025-10-16T08:05:17","date_gmt":"2025-10-16T06:05:17","guid":{"rendered":"https:\/\/987aldia.com\/web\/pedro-sanchez-regresa-a-leon-en-compania-del-ministro-oscar-lopez-hoy\/"},"modified":"2025-10-16T08:05:17","modified_gmt":"2025-10-16T06:05:17","slug":"pedro-sanchez-regresa-a-leon-en-compania-del-ministro-oscar-lopez-hoy","status":"publish","type":"post","link":"https:\/\/987aldia.com\/web\/pedro-sanchez-regresa-a-leon-en-compania-del-ministro-oscar-lopez-hoy\/","title":{"rendered":"Pedro S\u00e1nchez regresa a Le\u00f3n en compa\u00f1\u00eda del ministro \u00d3scar L\u00f3pez hoy"},"content":{"rendered":"<p>El presidente del gobierno espa\u00f1ol, Pedro S\u00e1nchez, ha regresado hoy a la ciudad de Le\u00f3n en un viaje oficial junto al ministro de Transportes, Movilidad y Agenda Urbana, \u00d3scar L\u00f3pez. Este encuentro se enmarca en la agenda de visitas del mandatario a distintas regiones del pa\u00eds con el objetivo de fortalecer el di\u00e1logo y la colaboraci\u00f3n con las autoridades locales.<\/p>\n<p>Durante su estancia en Le\u00f3n, S\u00e1nchez y L\u00f3pez han mantenido reuniones con representantes del gobierno regional y local para abordar temas de inter\u00e9s tanto a nivel pol\u00edtico como econ\u00f3mico. Asimismo, se espera que realicen visitas a distintos proyectos y obras de infraestructura en la regi\u00f3n, con el fin de conocer de primera mano las necesidades y demandas de los ciudadanos leoneses.<\/p>\n<p>La presencia del presidente S\u00e1nchez en Le\u00f3n ha generado expectativas sobre posibles anuncios o compromisos por parte del gobierno central en relaci\u00f3n a inversiones y proyectos que impulsen el desarrollo de la zona. Por su parte, el ministro \u00d3scar L\u00f3pez ha destacado la importancia de trabajar de manera coordinada con las autoridades locales para garantizar el progreso y bienestar de la comunidad leonesa.<\/p>\n","protected":false},"excerpt":{"rendered":"<p>El presidente del gobierno espa\u00f1ol, Pedro S\u00e1nchez, ha regresado hoy a la ciudad de Le\u00f3n en un viaje oficial junto al ministro de Transportes, Movilidad y Agenda Urbana, \u00d3scar L\u00f3pez. Este encuentro se enmarca en la agenda de visitas del mandatario a distintas regiones del pa\u00eds con el objetivo de fortalecer el di\u00e1logo y la [&hellip;]<\/p>\n","protected":false},"author":1,"featured_media":0,"comment_status":"open","ping_status":"closed","sticky":false,"template":"","format":"standard","meta":{"_monsterinsights_skip_tracking":false,"_monsterinsights_sitenote_active":false,"_monsterinsights_sitenote_note":"","_monsterinsights_sitenote_category":0,"site-container-style":"default","site-container-layout":"default","site-sidebar-layout":"default","disable-article-header":"default","disable-site-header":"default","disable-site-footer":"default","disable-content-area-spacing":"default","_jetpack_memberships_contains_paid_content":false,"footnotes":"","jetpack_publicize_message":"","jetpack_publicize_feature_enabled":true,"jetpack_social_post_already_shared":true,"jetpack_social_options":{"image_generator_settings":{"template":"highway","default_image_id":0,"font":"","enabled":false},"version":2}},"categories":[1],"tags":[],"class_list":["post-10083","post","type-post","status-publish","format-standard","hentry","category-uncategorized"],"jetpack_publicize_connections":[],"jetpack_featured_media_url":"","jetpack_sharing_enabled":true,"_links":{"self":[{"href":"https:\/\/987aldia.com\/web\/wp-json\/wp\/v2\/posts\/10083","targetHints":{"allow":["GET"]}}],"collection":[{"href":"https:\/\/987aldia.com\/web\/wp-json\/wp\/v2\/posts"}],"about":[{"href":"https:\/\/987aldia.com\/web\/wp-json\/wp\/v2\/types\/post"}],"author":[{"embeddable":true,"href":"https:\/\/987aldia.com\/web\/wp-json\/wp\/v2\/users\/1"}],"replies":[{"embeddable":true,"href":"https:\/\/987aldia.com\/web\/wp-json\/wp\/v2\/comments?post=10083"}],"version-history":[{"count":0,"href":"https:\/\/987aldia.com\/web\/wp-json\/wp\/v2\/posts\/10083\/revisions"}],"wp:attachment":[{"href":"https:\/\/987aldia.com\/web\/wp-json\/wp\/v2\/media?parent=10083"}],"wp:term":[{"taxonomy":"category","embeddable":true,"href":"https:\/\/987aldia.com\/web\/wp-json\/wp\/v2\/categories?post=10083"},{"taxonomy":"post_tag","embeddable":true,"href":"https:\/\/987aldia.com\/web\/wp-json\/wp\/v2\/tags?post=10083"}],"curies":[{"name":"wp","href":"https:\/\/api.w.org\/{rel}","templated":true}]}}