{"id":10084,"date":"2025-10-16T10:05:36","date_gmt":"2025-10-16T08:05:36","guid":{"rendered":"https:\/\/987aldia.com\/web\/calendario-de-domingos-y-festivos-de-apertura-para-comercios-en-2026-ya-disponible-en-el-bocyl\/"},"modified":"2025-10-16T10:05:36","modified_gmt":"2025-10-16T08:05:36","slug":"calendario-de-domingos-y-festivos-de-apertura-para-comercios-en-2026-ya-disponible-en-el-bocyl","status":"publish","type":"post","link":"https:\/\/987aldia.com\/web\/calendario-de-domingos-y-festivos-de-apertura-para-comercios-en-2026-ya-disponible-en-el-bocyl\/","title":{"rendered":"Calendario de domingos y festivos de apertura para comercios en 2026 ya disponible en el Bocyl."},"content":{"rendered":"<p>El Bolet\u00edn Oficial de Castilla y Le\u00f3n (Bocyl) ha dado a conocer el esperado calendario de domingos y festivos de apertura para establecimientos comerciales en el a\u00f1o 2026. Este calendario, compuesto por diez d\u00edas distribuidos a lo largo del a\u00f1o, marca las fechas en las que los comercios de la regi\u00f3n podr\u00e1n abrir sus puertas al p\u00fablico.<\/p>\n<p>Esta publicaci\u00f3n oficial es de gran importancia para el sector comercial, ya que establece las jornadas en las que podr\u00e1n ofrecer sus productos y servicios, permiti\u00e9ndoles adaptarse a las necesidades de los consumidores y aprovechar al m\u00e1ximo las oportunidades de venta.<\/p>\n<p>Los domingos y festivos de apertura son momentos clave para el comercio, ya que suelen coincidir con fechas se\u00f1aladas o periodos de mayor afluencia de clientes. Por tanto, conocer con antelaci\u00f3n cu\u00e1les ser\u00e1n estos d\u00edas es fundamental para que los establecimientos puedan planificar sus estrategias comerciales y organizarse de la mejor manera posible.<\/p>\n<p>Con este calendario ya publicado, los comerciantes de Castilla y Le\u00f3n tienen una gu\u00eda clara de los d\u00edas en los que podr\u00e1n abrir sus negocios en el pr\u00f3ximo a\u00f1o, lo que les permitir\u00e1 seguir contribuyendo al dinamismo econ\u00f3mico de la regi\u00f3n y satisfacer las necesidades de los consumidores.<\/p>\n","protected":false},"excerpt":{"rendered":"<p>El Bolet\u00edn Oficial de Castilla y Le\u00f3n (Bocyl) ha dado a conocer el esperado calendario de domingos y festivos de apertura para establecimientos comerciales en el a\u00f1o 2026. Este calendario, compuesto por diez d\u00edas distribuidos a lo largo del a\u00f1o, marca las fechas en las que los comercios de la regi\u00f3n podr\u00e1n abrir sus puertas [&hellip;]<\/p>\n","protected":false},"author":1,"featured_media":10085,"comment_status":"open","ping_status":"closed","sticky":false,"template":"","format":"standard","meta":{"_monsterinsights_skip_tracking":false,"_monsterinsights_sitenote_active":false,"_monsterinsights_sitenote_note":"","_monsterinsights_sitenote_category":0,"site-container-style":"default","site-container-layout":"default","site-sidebar-layout":"default","disable-article-header":"default","disable-site-header":"default","disable-site-footer":"default","disable-content-area-spacing":"default","_jetpack_memberships_contains_paid_content":false,"footnotes":"","jetpack_publicize_message":"","jetpack_publicize_feature_enabled":true,"jetpack_social_post_already_shared":true,"jetpack_social_options":{"image_generator_settings":{"template":"highway","default_image_id":0,"font":"","enabled":false},"version":2}},"categories":[1],"tags":[],"class_list":["post-10084","post","type-post","status-publish","format-standard","has-post-thumbnail","hentry","category-uncategorized"],"jetpack_publicize_connections":[],"jetpack_featured_media_url":"https:\/\/987aldia.com\/web\/wp-content\/uploads\/2025\/10\/openai-image-1760601936.png","jetpack_sharing_enabled":true,"_links":{"self":[{"href":"https:\/\/987aldia.com\/web\/wp-json\/wp\/v2\/posts\/10084","targetHints":{"allow":["GET"]}}],"collection":[{"href":"https:\/\/987aldia.com\/web\/wp-json\/wp\/v2\/posts"}],"about":[{"href":"https:\/\/987aldia.com\/web\/wp-json\/wp\/v2\/types\/post"}],"author":[{"embeddable":true,"href":"https:\/\/987aldia.com\/web\/wp-json\/wp\/v2\/users\/1"}],"replies":[{"embeddable":true,"href":"https:\/\/987aldia.com\/web\/wp-json\/wp\/v2\/comments?post=10084"}],"version-history":[{"count":0,"href":"https:\/\/987aldia.com\/web\/wp-json\/wp\/v2\/posts\/10084\/revisions"}],"wp:featuredmedia":[{"embeddable":true,"href":"https:\/\/987aldia.com\/web\/wp-json\/wp\/v2\/media\/10085"}],"wp:attachment":[{"href":"https:\/\/987aldia.com\/web\/wp-json\/wp\/v2\/media?parent=10084"}],"wp:term":[{"taxonomy":"category","embeddable":true,"href":"https:\/\/987aldia.com\/web\/wp-json\/wp\/v2\/categories?post=10084"},{"taxonomy":"post_tag","embeddable":true,"href":"https:\/\/987aldia.com\/web\/wp-json\/wp\/v2\/tags?post=10084"}],"curies":[{"name":"wp","href":"https:\/\/api.w.org\/{rel}","templated":true}]}}