{"id":10094,"date":"2025-10-16T20:05:21","date_gmt":"2025-10-16T18:05:21","guid":{"rendered":"https:\/\/987aldia.com\/web\/pedro-sanchez-presenta-su-nuevo-album-en-leon-musica-y-politica-se-unen\/"},"modified":"2025-10-16T20:05:21","modified_gmt":"2025-10-16T18:05:21","slug":"pedro-sanchez-presenta-su-nuevo-album-en-leon-musica-y-politica-se-unen","status":"publish","type":"post","link":"https:\/\/987aldia.com\/web\/pedro-sanchez-presenta-su-nuevo-album-en-leon-musica-y-politica-se-unen\/","title":{"rendered":"Pedro S\u00e1nchez presenta su nuevo \u00e1lbum en Le\u00f3n: \u00a1M\u00fasica y pol\u00edtica se unen!"},"content":{"rendered":"<p>El presidente del Gobierno de Espa\u00f1a, Pedro S\u00e1nchez, ha sido captado en una serie de fotograf\u00edas durante su visita a Le\u00f3n para la clausura del Encuentro Internacional de Seguridad de la Informaci\u00f3n (Enise). Las im\u00e1genes muestran a S\u00e1nchez recorriendo las instalaciones del evento y participando en diversas actividades junto a destacados representantes del sector de la ciberseguridad.<\/p>\n<p>Durante su estancia en Le\u00f3n, el mandatario ha aprovechado para destacar la importancia de proteger la informaci\u00f3n y los datos en un mundo cada vez m\u00e1s digitalizado. Asimismo, ha enfatizado la necesidad de potenciar la colaboraci\u00f3n entre los sectores p\u00fablico y privado para garantizar la seguridad cibern\u00e9tica en el pa\u00eds.<\/p>\n<p>El \u00e1lbum fotogr\u00e1fico de la visita de Pedro S\u00e1nchez a Le\u00f3n no solo refleja su inter\u00e9s en temas de actualidad y relevancia como la ciberseguridad, sino tambi\u00e9n su compromiso con el impulso de iniciativas que promuevan el desarrollo tecnol\u00f3gico y la protecci\u00f3n de la informaci\u00f3n en Espa\u00f1a.<\/p>\n","protected":false},"excerpt":{"rendered":"<p>El presidente del Gobierno de Espa\u00f1a, Pedro S\u00e1nchez, ha sido captado en una serie de fotograf\u00edas durante su visita a Le\u00f3n para la clausura del Encuentro Internacional de Seguridad de la Informaci\u00f3n (Enise). Las im\u00e1genes muestran a S\u00e1nchez recorriendo las instalaciones del evento y participando en diversas actividades junto a destacados representantes del sector de [&hellip;]<\/p>\n","protected":false},"author":1,"featured_media":0,"comment_status":"open","ping_status":"closed","sticky":false,"template":"","format":"standard","meta":{"_monsterinsights_skip_tracking":false,"_monsterinsights_sitenote_active":false,"_monsterinsights_sitenote_note":"","_monsterinsights_sitenote_category":0,"site-container-style":"default","site-container-layout":"default","site-sidebar-layout":"default","disable-article-header":"default","disable-site-header":"default","disable-site-footer":"default","disable-content-area-spacing":"default","_jetpack_memberships_contains_paid_content":false,"footnotes":"","jetpack_publicize_message":"","jetpack_publicize_feature_enabled":true,"jetpack_social_post_already_shared":true,"jetpack_social_options":{"image_generator_settings":{"template":"highway","default_image_id":0,"font":"","enabled":false},"version":2}},"categories":[1],"tags":[],"class_list":["post-10094","post","type-post","status-publish","format-standard","hentry","category-uncategorized"],"jetpack_publicize_connections":[],"jetpack_featured_media_url":"","jetpack_sharing_enabled":true,"_links":{"self":[{"href":"https:\/\/987aldia.com\/web\/wp-json\/wp\/v2\/posts\/10094","targetHints":{"allow":["GET"]}}],"collection":[{"href":"https:\/\/987aldia.com\/web\/wp-json\/wp\/v2\/posts"}],"about":[{"href":"https:\/\/987aldia.com\/web\/wp-json\/wp\/v2\/types\/post"}],"author":[{"embeddable":true,"href":"https:\/\/987aldia.com\/web\/wp-json\/wp\/v2\/users\/1"}],"replies":[{"embeddable":true,"href":"https:\/\/987aldia.com\/web\/wp-json\/wp\/v2\/comments?post=10094"}],"version-history":[{"count":0,"href":"https:\/\/987aldia.com\/web\/wp-json\/wp\/v2\/posts\/10094\/revisions"}],"wp:attachment":[{"href":"https:\/\/987aldia.com\/web\/wp-json\/wp\/v2\/media?parent=10094"}],"wp:term":[{"taxonomy":"category","embeddable":true,"href":"https:\/\/987aldia.com\/web\/wp-json\/wp\/v2\/categories?post=10094"},{"taxonomy":"post_tag","embeddable":true,"href":"https:\/\/987aldia.com\/web\/wp-json\/wp\/v2\/tags?post=10094"}],"curies":[{"name":"wp","href":"https:\/\/api.w.org\/{rel}","templated":true}]}}