{"id":1013,"date":"2023-03-28T09:48:56","date_gmt":"2023-03-28T09:48:56","guid":{"rendered":"https:\/\/987aldia.com\/web\/?p=1013"},"modified":"2023-03-29T10:23:38","modified_gmt":"2023-03-29T10:23:38","slug":"la-junta-resalta-el-deber-en-la-coordinacion-ambiental-de-la-empresa-logistica-y-servicios-janez-en-hospital-de-orbigo-leon","status":"publish","type":"post","link":"https:\/\/987aldia.com\/web\/la-junta-resalta-el-deber-en-la-coordinacion-ambiental-de-la-empresa-logistica-y-servicios-janez-en-hospital-de-orbigo-leon\/","title":{"rendered":"La Junta resalta el deber en la coordinaci\u00f3n ambiental de la Empresa Log\u00edstica y Servicios J\u00e1\u00f1ez en Hospital de \u00d3rbigo (Le\u00f3n)"},"content":{"rendered":"\n<h2 class=\"wp-block-heading\">Juan Carlos Su\u00e1rez-Qui\u00f1ones, consejero de Medio Ambiente, Vivienda y Ordenaci\u00f3n del Territorio, ha visitado en la jornada del lunes, el pol\u00edgono industrial de Hospital de \u00d3rbigo (Le\u00f3n), las instalaciones de la empresa Log\u00edstica y Servicios J\u00e1\u00f1ez, correspondiente al grupo del mismo nombre que recientemente ha sido galardonada por la Asociaci\u00f3n de Empresarios del \u00d3rbigo como empresa del a\u00f1o. El consejero destac\u00f3 que esta empresa del Grupo J\u00e1\u00f1ez es uno de los motores de riqueza y empleo, que colabora con el crecimiento econ\u00f3mico y el dinamismo de la econom\u00eda de la comarca del \u00d3rbigo y de la provincia leonesa y sus habitantes, reconocimiento que traslad\u00f3 a todos los emprendedores de la Comunidad, \u00abque cuentan con el apoyo de la Junta de Castilla y Le\u00f3n\u00bb. Durante la visita, directivos de la empresa explicaron al consejero el compromiso ambiental en la gesti\u00f3n de las instalaciones.<\/h2>\n\n\n\n<p>El consejero de Medio Ambiente, Vivienda y Ordenaci\u00f3n del Territorio, en su visita a las instalaciones de la empresa, ha sido recibido por Enrique Busto, alcalde del Hospital de \u00d3rbigo y representantes de la direcci\u00f3n de la empresa, entre ellos, \u00c1ngel Manuel J\u00e1\u00f1ez y Antonia Rodr\u00edguez.<\/p>\n\n\n\n<p>Juan Carlos Su\u00e1rez-Qui\u00f1ones felicit\u00f3 a la direcci\u00f3n y a los trabajadores de esta planta y su grupo empresarial, y aprovech\u00f3 para trasladar a todos los emprendedores el reconocimiento del esfuerzo y dedicaci\u00f3n al servicio de la iniciativa privada, en el impulso y desarrollo de proyectos que contribuyen al crecimiento econ\u00f3mico y la creaci\u00f3n de empleo. Adem\u00e1s, recalc\u00f3 el compromiso medioambiental de la gesti\u00f3n de las instalaciones.<\/p>\n\n\n\n<p>El Grupo de Empresas J\u00e1\u00f1ez est\u00e1 compuesto por la empresa Hierros J\u00e1\u00f1ez (especializada en el tratamiento y almacenaje de productos de hierro, acero y aluminio, con un amplio cat\u00e1logo de productos met\u00e1licos de alta calidad) y por la empresa Log\u00edsticas y Servicios J\u00e1\u00f1ez (operador log\u00edstico que naci\u00f3 ante la creciente demanda del mercado por externalizar sus almacenes y prescindir de costes fijos; presta servicios de log\u00edstica integral &#8216;puerta a puerta&#8217; para todo tipo de empresas).<\/p>\n\n\n\n<p><strong>Motor de riqueza<\/strong><\/p>\n\n\n\n<p>Su\u00e1rez-Qui\u00f1ones subray\u00f3 que esta empresa es uno de los motores de riqueza y empleo que cooperan al crecimiento econ\u00f3mico y el dinamismo de la econom\u00eda de la comarca de \u00d3rbigo y de la provincia leonesa y sus habitantes.<\/p>\n\n\n\n<p>El consejero tambi\u00e9n destac\u00f3 la labor de las empresas y sus emprendedores tienen una especial importancia en el mantenimiento del empleo, la b\u00fasqueda de soluciones innovadoras, de estrategias que propulsen la productividad y la competitividad de las empresas.<\/p>\n\n\n\n<p>Y en este entorno, \u201cla responsabilidad de las administraciones no es otra que la de poner todos los medios para que dichos proyectos puedan desarrollarse en el marco m\u00e1s adecuado posible y apoyar todas aquellas iniciativas que sirvan de motor de riqueza y empleo\u201d. En relaci\u00f3n con eso, el consejero record\u00f3 el apoyo de la Junta. \u201cEl Gobierno de Castilla y Le\u00f3n lleva tiempo trabajando en generar inversiones p\u00fablicas en suelo empresarial, en infraestructuras log\u00edsticas, en avances tecnol\u00f3gicos, en mejora de la accesibilidad a las zonas industriales, con el objetivo de impulsar el dinamismo y el desarrollo empresarial de la Comunidad\u201d.<\/p>\n\n\n\n<p>Por \u00faltimo, resalt\u00f3 c\u00f3mo la perspectiva ambiental, el compromiso con la econom\u00eda circular, con una adecuada pol\u00edtica de residuos y con las energ\u00edas renovables, son imprescindibles para garantizar la competitividad de la actividad empresarial, que tiene que estar implicada en una adecuada implantaci\u00f3n de estos par\u00e1metros ambientales por compromiso con el medio ambiente, pero sobre todo por ser un hecho diferencial en su posicionamiento en el mercado.<\/p>\n","protected":false},"excerpt":{"rendered":"<p>Juan Carlos Su\u00e1rez-Qui\u00f1ones, consejero de Medio Ambiente, Vivienda y Ordenaci\u00f3n del Territorio, ha visitado en la jornada del lunes, el pol\u00edgono industrial de Hospital de \u00d3rbigo (Le\u00f3n), las instalaciones de la empresa Log\u00edstica y Servicios J\u00e1\u00f1ez, correspondiente al grupo del mismo nombre que recientemente ha sido galardonada por la Asociaci\u00f3n de Empresarios del \u00d3rbigo como [&hellip;]<\/p>\n","protected":false},"author":1,"featured_media":1020,"comment_status":"open","ping_status":"closed","sticky":false,"template":"","format":"standard","meta":{"_monsterinsights_skip_tracking":false,"_monsterinsights_sitenote_active":false,"_monsterinsights_sitenote_note":"","_monsterinsights_sitenote_category":0,"site-container-style":"default","site-container-layout":"default","site-sidebar-layout":"default","disable-article-header":"default","disable-site-header":"default","disable-site-footer":"default","disable-content-area-spacing":"default","_jetpack_memberships_contains_paid_content":false,"footnotes":"","jetpack_publicize_message":"","jetpack_publicize_feature_enabled":true,"jetpack_social_post_already_shared":false,"jetpack_social_options":{"image_generator_settings":{"template":"highway","default_image_id":0,"font":"","enabled":false},"version":2}},"categories":[10],"tags":[],"class_list":["post-1013","post","type-post","status-publish","format-standard","has-post-thumbnail","hentry","category-castilla-y-leon"],"jetpack_publicize_connections":[],"jetpack_featured_media_url":"https:\/\/987aldia.com\/web\/wp-content\/uploads\/2023\/03\/adrian-sulyok-sczNLg6rrhQ-unsplash.jpg","jetpack_sharing_enabled":true,"_links":{"self":[{"href":"https:\/\/987aldia.com\/web\/wp-json\/wp\/v2\/posts\/1013","targetHints":{"allow":["GET"]}}],"collection":[{"href":"https:\/\/987aldia.com\/web\/wp-json\/wp\/v2\/posts"}],"about":[{"href":"https:\/\/987aldia.com\/web\/wp-json\/wp\/v2\/types\/post"}],"author":[{"embeddable":true,"href":"https:\/\/987aldia.com\/web\/wp-json\/wp\/v2\/users\/1"}],"replies":[{"embeddable":true,"href":"https:\/\/987aldia.com\/web\/wp-json\/wp\/v2\/comments?post=1013"}],"version-history":[{"count":6,"href":"https:\/\/987aldia.com\/web\/wp-json\/wp\/v2\/posts\/1013\/revisions"}],"predecessor-version":[{"id":1019,"href":"https:\/\/987aldia.com\/web\/wp-json\/wp\/v2\/posts\/1013\/revisions\/1019"}],"wp:featuredmedia":[{"embeddable":true,"href":"https:\/\/987aldia.com\/web\/wp-json\/wp\/v2\/media\/1020"}],"wp:attachment":[{"href":"https:\/\/987aldia.com\/web\/wp-json\/wp\/v2\/media?parent=1013"}],"wp:term":[{"taxonomy":"category","embeddable":true,"href":"https:\/\/987aldia.com\/web\/wp-json\/wp\/v2\/categories?post=1013"},{"taxonomy":"post_tag","embeddable":true,"href":"https:\/\/987aldia.com\/web\/wp-json\/wp\/v2\/tags?post=1013"}],"curies":[{"name":"wp","href":"https:\/\/api.w.org\/{rel}","templated":true}]}}