{"id":1021,"date":"2023-03-27T10:24:06","date_gmt":"2023-03-27T10:24:06","guid":{"rendered":"https:\/\/987aldia.com\/web\/?p=1021"},"modified":"2023-03-29T11:12:43","modified_gmt":"2023-03-29T11:12:43","slug":"la-junta-colaborara-con-la-red-de-abastecimiento-del-alfoz-sur-de-burgos-con-una-inversion-determinada-de-mas-de-10-millones-de-euros","status":"publish","type":"post","link":"https:\/\/987aldia.com\/web\/la-junta-colaborara-con-la-red-de-abastecimiento-del-alfoz-sur-de-burgos-con-una-inversion-determinada-de-mas-de-10-millones-de-euros\/","title":{"rendered":"La Junta colaborar\u00e1 con la Red de Abastecimiento del Alfoz Sur de Burgos con una inversi\u00f3n determinada de m\u00e1s de 10 millones de euros"},"content":{"rendered":"\n<h2 class=\"wp-block-heading\">Juan Carlos Su\u00e1rez-Qui\u00f1ones, consejero de Medio Ambiente, Vivienda y Ordenaci\u00f3n del Territorio; C\u00e9sar Rico, presidente de la Diputaci\u00f3n de Burgos y los alcaldes y representantes de los ayuntamientos de Burgos capital, Arcos de la Llana, Los Ausines, Ibeas de Juarros, Mod\u00fabar de la Emparedada, Revillarruz, Salda\u00f1a de Burgos, Sarrac\u00edn, Villariezo y Villagonzalo Pedernales han firmado un protocolo general de actuaci\u00f3n para desarrollar en el menor tiempo posible el proyecto de abastecimiento del alfoz sur desde la ciudad de Burgos. La inversi\u00f3n prevista asciende a 10,1 millones de euros, cofinanciado por las diferentes administraciones, estando el sistema de abastecimiento dise\u00f1ado para una poblaci\u00f3n de 13.500 habitantes. Su gesti\u00f3n y mantenimiento tendr\u00e1 las \u00faltimas tecnolog\u00edas digitales. El consejero ha subrayado que con este y otros acuerdos, la Junta colabora con las entidades locales y provinciales \u201cpara garantizar el acceso de todas las poblaciones de nuestra Comunidad a este recurso bajo los principios de equidad, sostenibilidad, eficiencia y calidad\u201d.<\/h2>\n\n\n\n<p>Los nueve municipios del alfoz sur de la ciudad de Burgos muestran hist\u00f3ricamente graves problemas de abastecimiento de agua en \u00e9poca estival, derivados de la contaminaci\u00f3n de sus acu\u00edferos, la poca capacidad de regulaci\u00f3n de sus reservas h\u00eddricas y el aumento estacional de poblaci\u00f3n.<\/p>\n\n\n\n<p>En este entorno, Juan Carlos Su\u00e1rez-Qui\u00f1ones, consejero de Medio Ambiente, Vivienda y Ordenaci\u00f3n del Territorio de la Junta; C\u00e9sar Rico, presidente de la Diputaci\u00f3n de Burgos, y los alcaldes de los ayuntamientos de Burgos capital, Arcos de la Llana, Los Ausines, Ibeas de Juarros, Mod\u00fabar de la Emparedada, Revillarruz, Salda\u00f1a de Burgos, Sarrac\u00edn, Villariezo y Villagonzalo Pedernales han firmado hoy en la sede de la instituci\u00f3n provincial burgalesa un protocolo con el objetivo de resolver el esquema b\u00e1sico de colaboraci\u00f3n, para facilitar la consecuci\u00f3n de las actuaciones necesarias para acometer, en el menor plazo posible, las obras que garanticen el abastecimiento de agua potable en cantidad y calidad adecuada a los municipios del alfoz sur desde las instalaciones de la ciudad de Burgos.<\/p>\n\n\n\n<p>El proyecto de infraestructura hidr\u00e1ulica com\u00fan previsto contempla la construcci\u00f3n de 41 kil\u00f3metros de tuber\u00edas con di\u00e1metros entre 90 y 700 mil\u00edmetros, dejando el sistema preparado para futuras ampliaciones. El presupuesto previsto inicialmente asciende a 10,1 millones y un plazo de ejecuci\u00f3n de 12 meses.<\/p>\n\n\n\n<p>La Junta de Castilla y Le\u00f3n, mediante la empresa p\u00fablica Somacyl, dependiente de la Consejer\u00eda de Medio Ambiente, Vivienda y Ordenaci\u00f3n del Territorio, se encargar\u00e1 de la construcci\u00f3n de las obras a llevar a cabo, as\u00ed como del mantenimiento del nuevo sistema de abastecimiento durante los pr\u00f3ximos 25 a\u00f1os, que contar\u00e1 con tecnolog\u00eda digital para su gesti\u00f3n.<\/p>\n\n\n\n<p><strong>Descripci\u00f3n de las obras<\/strong><\/p>\n\n\n\n<p>Desde el punto de conexi\u00f3n establecido en la red sur de la ciudad de Burgos se proyectan dos ramales principales en tuber\u00eda de fundici\u00f3n en el t\u00e9rmino de Burgos: 800 metros hasta el Sector S-22 \u2018Monte de la Abadesa\u2019, donde se proyecta una acometida, y otro de 4,1 kil\u00f3metros hasta el l\u00edmite del t\u00e9rmino municipal desde donde se establece una red colectores hacia el sur, repartidos en 15 ejes geom\u00e9tricos y dos zonas principales.<\/p>\n\n\n\n<p>Una primera zona principal, ubicada hacia el oeste, se ejecutar\u00e1 mediante conducci\u00f3n de PVC orientado, para el suministro de Villagonzalo Pedernales, Villariezo y Arcos de la Llana; esta zona se regula mediante un dep\u00f3sito de 1.300 m3 ubicado junto al pol\u00edgono industrial de Villariezo.<\/p>\n\n\n\n<p>La segunda zona esencial viene vertebrada por un eje, eminentemente sur, que termina en un dep\u00f3sito regulador de 300 m3 al norte de Revillarruz, para suministro de las poblaciones de Salda\u00f1a y su urbanizaci\u00f3n, Sarrac\u00edn y Modubar de San Cibrian, y desde el dep\u00f3sito regulador se desarrollan los ramales hacia Revillarruz, El Encinar de Humienta, Humienta, Las Tenadas, Olmosalbos, as\u00ed como los Ausines.<\/p>\n\n\n\n<p>Algunas poblaciones cercanas a las trazas previstas, como Mod\u00fabar de la Emparedada, podr\u00e1n demandar su conexi\u00f3n.<\/p>\n\n\n\n<p>Las tuber\u00edas podr\u00e1n asumir un caudal de 15.500 metros c\u00fabicos al d\u00eda y el sistema de abastecimiento est\u00e1 dise\u00f1ado para una poblaci\u00f3n de 13.500 habitantes.<\/p>\n\n\n\n<p><strong>Colaboraci\u00f3n interinstitucional, actuaciones, grupo de trabajo permanente\u2026<\/strong><\/p>\n\n\n\n<p>El protocolo firmado en la jornada de hoy plantea la tramitaci\u00f3n y aprobaci\u00f3n de un proyecto t\u00e9cnico que resuelva las necesidades planteadas. Adem\u00e1s, la utilizaci\u00f3n coordinada y adecuaci\u00f3n de las infraestructuras existentes que resulten primordiales para la actuaci\u00f3n, espec\u00edficamente, las instalaciones de suministro de agua potable de la ciudad de Burgos, gestionadas por la Sociedad Municipal Aguas de Burgos.<\/p>\n\n\n\n<p>Inclusive se prev\u00e9 el desarrollo de las f\u00f3rmulas administrativas precisas para asegurar la disponibilidad del suelo necesario para la ejecuci\u00f3n de las infraestructuras previstas en el proyecto, as\u00ed como promover las actuaciones precisas para la construcci\u00f3n, puesta en funcionamiento y explotaci\u00f3n del nuevo sistema de abastecimiento, y adoptar coordinadamente las medidas precisas para el eficaz cumplimiento del objeto del Protocolo. A tal fin, elaborar\u00e1n y tramitar\u00e1n los documentos t\u00e9cnicos, acuerdos o convenios que se consideren necesarios.<\/p>\n\n\n\n<p><strong>Compromisos de cada instituci\u00f3n firmante del protocolo<\/strong><\/p>\n\n\n\n<p>La Diputaci\u00f3n de Burgos se hace cargo del compromiso de poner a disposici\u00f3n el proyecto t\u00e9cnico; colaborar en la preparaci\u00f3n del resto de documentos t\u00e9cnicos precisos; permitir con celeridad los informes que se le soliciten en los procedimientos que resulten necesarios, y establecer con el resto de las partes un esquema de financiaci\u00f3n equilibrado de las actuaciones necesarias, de forma que se garantice proporcionalidad en las mismas.<\/p>\n\n\n\n<p>El Ayuntamiento de Burgos pondr\u00e1\u00a0a disposici\u00f3n de la Comunidad, en el punto y en las condiciones que se acuerden, un caudal de 17,5 litros por segundo para el abastecimiento de los municipios; poner a disposici\u00f3n los terrenos de titularidad municipal necesarios para la realizaci\u00f3n de las obras; colaborar en la planificaci\u00f3n de los documentos t\u00e9cnicos precisos e instruir y resolver los procedimientos necesarios en su t\u00e9rmino municipal, y plantear con el resto de las partes un esquema de financiaci\u00f3n de las actuaciones necesarias equilibrado, de forma que se garantice proporcionalidad en las mismas.<\/p>\n\n\n\n<p>En relaci\u00f3n a los ocho ayuntamientos del alfoz sur de Burgos firmantes, tienen que formalizar los acuerdos necesarios para asegurar un adecuado mantenimiento del sistema; establecer con el resto de las partes un esquema de financiaci\u00f3n equilibrado de las actuaciones necesarias, de forma que se garantice proporcionalidad en las mismas; colaborar en la preparaci\u00f3n de los documentos t\u00e9cnicos precisos; instruir y resolver los procedimientos que fueran necesarios en su t\u00e9rmino municipal, y poner a disposici\u00f3n de la Comunidad de Castilla y Le\u00f3n los terrenos de titularidad municipal necesarios para la ejecuci\u00f3n de las obras<\/p>\n\n\n\n<p>La Junta de Castilla y Le\u00f3n tiene el compromiso de finalizar y tramitar, con la colaboraci\u00f3n del resto de las partes, el proyecto t\u00e9cnico que d\u00e9 soluci\u00f3n a las necesidades de abastecimiento de agua potable de los municipios, tambi\u00e9n de ejecutar la Consejer\u00eda de Medio Ambiente, Vivienda y Ordenaci\u00f3n del Territorio, a trav\u00e9s de Somacyl, con la f\u00f3rmula de financiaci\u00f3n que se determine, las infraestructuras definidas y hacerse cargo de su explotaci\u00f3n y manteniendo del nuevo sistema de abastecimiento durante 25 a\u00f1os.<\/p>\n\n\n\n<p>Con el prop\u00f3sito de realizar un seguimiento del protocolo firmado hoy, se constituir\u00e1 un grupo de trabajo de -representado por un miembro de la Junta, uno de la Diputaci\u00f3n Provincial, uno del Ayuntamiento de Burgos y uno representando a los municipios del alfoz sur- para coordinar las actuaciones e impulsar su ejecuci\u00f3n, grupo de trabajo que se constituir\u00e1 en el plazo m\u00e1ximo de un mes desde la firma del protocolo.<\/p>\n\n\n\n<p><strong>Satisfacci\u00f3n de la Junta<\/strong><\/p>\n\n\n\n<p>Juan Carlos Su\u00e1rez-Qui\u00f1ones, consejero de Medio Ambiente, Vivienda y Ordenaci\u00f3n del Territorio, ha manifestado su satisfacci\u00f3n por la firma de este protocolo, que va a permitir instrumentar la colaboraci\u00f3n administraciones auton\u00f3mica, provincial y locales firmantes para facilitar la ejecuci\u00f3n de las actuaciones necesarias para realizar, en el menor plazo posible, las obras que garanticen el abastecimiento de agua potable en cantidad y calidad adecuada a los municipios del alfoz sur desde las instalaciones de la ciudad de Burgos.<\/p>\n\n\n\n<p>\u201cEl agua es soporte de vida en su sentido m\u00e1s amplio, en cuanto ha condicionado la ubicaci\u00f3n de las poblaciones, ha permitido fijar poblaci\u00f3n, asegurando el desarrollo de actividades agrarias e industriales, ha servido de motor o catalizador de iniciativas, como las asociadas al turismo, y desempe\u00f1a un papel estrat\u00e9gico\u201d, ha apuntado el consejero.<\/p>\n\n\n\n<p>Por ello la Junta de Castilla y Le\u00f3n trabaja en un triple \u00e1mbito para afianzar la eficiencia en la utilizaci\u00f3n del recurso, para asegurar agua en cantidad y calidad adecuada a toda la poblaci\u00f3n y para aumentar la concienciaci\u00f3n de la sociedad en sus h\u00e1bitos de comportamiento y conductas de ahorro (educaci\u00f3n ambiental e informaci\u00f3n). \u201cCon estos objetivos -a\u00f1ade Su\u00e1rez-Qui\u00f1ones-, trabajamos para garantizar el acceso de todas las poblaciones de nuestra Comunidad a este recurso bajo los principios de equidad, sostenibilidad, eficiencia y calidad\u201d.<\/p>\n\n\n\n<p>La Junta de Castilla y Le\u00f3n presta ayuda t\u00e9cnica, econ\u00f3mica y de gesti\u00f3n a los Ayuntamientos, dado el nivel de dificultad del servicio y el coste de implantaci\u00f3n de las infraestructuras necesarias:<\/p>\n\n\n\n<ul class=\"wp-block-list\">\n<li>Cooperaci\u00f3n en la mejora de los sistemas de abastecimiento existentes mediante la cofinanciaci\u00f3n de la ejecuci\u00f3n de las infraestructuras necesarias que permitan resolver los problemas estructurales (d\u00e9ficits en los distintos elementos que conforman la puesta en servicio del recurso: captaci\u00f3n, capacidad de regulaci\u00f3n, potabilizaci\u00f3n\u2026) y disminuir las p\u00e9rdidas en los sistemas de abastecimiento (renovaci\u00f3n de redes).<\/li>\n\n\n\n<li>Colaboraci\u00f3n para asegurar el suministro de agua potable mediante cisternas o agua embotellada ante situaciones sobrevenidas de contaminaci\u00f3n en la fuente, aver\u00edas o escasez (falta de caudal por episodios de escasas precipitaciones o de puntas de consumo en la \u00e9poca estival).<\/li>\n\n\n\n<li>Expansi\u00f3n de abastecimientos mancomunados que permiten dar respuesta a entornos que exceden el \u00e1mbito local -superando las soluciones individuales &#8211; y maximizan los beneficios derivados de las econom\u00edas de escala -optimizando el funcionamiento y los costes de la explotaci\u00f3n-, y con los que se trata de extender la distribuci\u00f3n de agua de calidad desde una fuente fiable, aprovechando las instalaciones existentes, a n\u00facleos de poblaci\u00f3n con problemas de suministro.<\/li>\n<\/ul>\n\n\n\n<p><strong>65 millones en abastecimientos mancomunados<\/strong><\/p>\n\n\n\n<p>La inversi\u00f3n prevista por la Junta en los pr\u00f3ximos a\u00f1os en abastecimientos mancomunados en Castilla y Le\u00f3n es de 65 millones de euros. \u201cObras todas ellas que son una muestra del compromiso de la Junta de Castilla y Le\u00f3n con la mejora y modernizaci\u00f3n de las infraestructuras hidr\u00e1ulicas, para dar respuesta a las necesidades de nuestros municipios y localidades en materia de abastecimiento\u201d, afirm\u00f3 el consejero.<\/p>\n\n\n\n<p>Ejemplo de colaboraci\u00f3n entre Administraciones p\u00fablicas, entre la Administraci\u00f3n regional y las Entidades Locales, como es este caso para garantizar en cantidad y calidad agua, con adecuadas condiciones de salubridad, a los municipios del alfoz sur de la ciudad de Burgos, \u201clo que contribuye al crecimiento econ\u00f3mico favoreciendo el asentamiento de poblaci\u00f3n; el mantenimiento de las actividades productivas y sentando las bases para la localizaci\u00f3n y el asentamiento de nuevas actividades e iniciativas\u201d, incluy\u00f3 Su\u00e1rez-Qui\u00f1ones.<\/p>\n\n\n\n<p>Para solucionar estos problemas y garantizar agua en cantidad y calidad a los municipios afectados el consejero ha destacado que la Consejer\u00eda Medio Ambiente, Vivienda y Ordenaci\u00f3n del Territorio, mediante la empresa p\u00fablica Somacyl, va a ejecutar las infraestructuras necesarias, conforme al proyecto que entre todos definamos, y se har\u00e1 cargo de su explotaci\u00f3n durante los pr\u00f3ximos 25 a\u00f1os.<\/p>\n\n\n\n<p><strong>Otras actuaciones de abastecimiento de la Junta en la provincia de Burgos<\/strong><\/p>\n\n\n\n<p>La Junta prev\u00e9 otras actuaciones de abastecimiento de agua en la provincia de Burgos:<\/p>\n\n\n\n<ul class=\"wp-block-list\">\n<li>Tres actuaciones finalizadas, con una inversi\u00f3n de 1,33 millones de euros: en Medina de Pomar, nuevo dep\u00f3sito regulador, 939.698 euros; en Quintanilla Vivar, dep\u00f3sito regulador, 356.886 euros, y en Salas de los Infantes, sondeo y conexi\u00f3n a dep\u00f3sito de Hoyuelos de la Sierra, 48.240 euros.<\/li>\n\n\n\n<li>Cinco actuaciones en ejecuci\u00f3n\/tramitaci\u00f3n, con una inversi\u00f3n de 4,08 millones de euros: en Quintanar de la Sierra, sustituci\u00f3n de 6 kil\u00f3metros de tuber\u00edas de fibrocemento, 1,07 millones de euros, en ejecuci\u00f3n; en Pi\u00e9rnigas, construcci\u00f3n de un dep\u00f3sito regulador de agua potable, presupuesto de licitaci\u00f3n 178.942 euros; renovaci\u00f3n de conducciones de abastecimiento en varios n\u00facleos (Pe\u00f1acoba y Silanes, Miraveche y Santo Domingo de Silos), as\u00ed como la renovaci\u00f3n de un tramo de 600 ml de longitud&nbsp; de la aducci\u00f3n de aguas potables en Tejada, 202.952,08 euros, en licitaci\u00f3n; en Salas de los Infantes, abastecimiento desde el embalse de Castrovido, proyecto en tramitaci\u00f3n, 2,45 millones de euros; en Villarcayo, abastecimiento a Fresnedo desde Torme, proyecto en fase de redacci\u00f3n, 176.000 euros estimados.<\/li>\n\n\n\n<li>Igualmente, una subvenci\u00f3n directa de 100.000 euros a la Diputaci\u00f3n de Burgos destinados a los suministros de agua mediante cisternas a las localidades con problemas de escasez, y a peque\u00f1as obras necesarias para el correcto desempe\u00f1o del servicio de abastecimiento de aguas de las localidades.<\/li>\n<\/ul>\n","protected":false},"excerpt":{"rendered":"<p>Juan Carlos Su\u00e1rez-Qui\u00f1ones, consejero de Medio Ambiente, Vivienda y Ordenaci\u00f3n del Territorio; C\u00e9sar Rico, presidente de la Diputaci\u00f3n de Burgos y los alcaldes y representantes de los ayuntamientos de Burgos capital, Arcos de la Llana, Los Ausines, Ibeas de Juarros, Mod\u00fabar de la Emparedada, Revillarruz, Salda\u00f1a de Burgos, Sarrac\u00edn, Villariezo y Villagonzalo Pedernales han firmado [&hellip;]<\/p>\n","protected":false},"author":1,"featured_media":1026,"comment_status":"open","ping_status":"closed","sticky":false,"template":"","format":"standard","meta":{"_monsterinsights_skip_tracking":false,"_monsterinsights_sitenote_active":false,"_monsterinsights_sitenote_note":"","_monsterinsights_sitenote_category":0,"site-container-style":"default","site-container-layout":"default","site-sidebar-layout":"default","disable-article-header":"default","disable-site-header":"default","disable-site-footer":"default","disable-content-area-spacing":"default","_jetpack_memberships_contains_paid_content":false,"footnotes":"","jetpack_publicize_message":"","jetpack_publicize_feature_enabled":true,"jetpack_social_post_already_shared":false,"jetpack_social_options":{"image_generator_settings":{"template":"highway","default_image_id":0,"font":"","enabled":false},"version":2}},"categories":[10],"tags":[],"class_list":["post-1021","post","type-post","status-publish","format-standard","has-post-thumbnail","hentry","category-castilla-y-leon"],"jetpack_publicize_connections":[],"jetpack_featured_media_url":"https:\/\/987aldia.com\/web\/wp-content\/uploads\/2023\/03\/christine-sandu-lf1yaJcL9OA-unsplash.jpg","jetpack_sharing_enabled":true,"_links":{"self":[{"href":"https:\/\/987aldia.com\/web\/wp-json\/wp\/v2\/posts\/1021","targetHints":{"allow":["GET"]}}],"collection":[{"href":"https:\/\/987aldia.com\/web\/wp-json\/wp\/v2\/posts"}],"about":[{"href":"https:\/\/987aldia.com\/web\/wp-json\/wp\/v2\/types\/post"}],"author":[{"embeddable":true,"href":"https:\/\/987aldia.com\/web\/wp-json\/wp\/v2\/users\/1"}],"replies":[{"embeddable":true,"href":"https:\/\/987aldia.com\/web\/wp-json\/wp\/v2\/comments?post=1021"}],"version-history":[{"count":5,"href":"https:\/\/987aldia.com\/web\/wp-json\/wp\/v2\/posts\/1021\/revisions"}],"predecessor-version":[{"id":1027,"href":"https:\/\/987aldia.com\/web\/wp-json\/wp\/v2\/posts\/1021\/revisions\/1027"}],"wp:featuredmedia":[{"embeddable":true,"href":"https:\/\/987aldia.com\/web\/wp-json\/wp\/v2\/media\/1026"}],"wp:attachment":[{"href":"https:\/\/987aldia.com\/web\/wp-json\/wp\/v2\/media?parent=1021"}],"wp:term":[{"taxonomy":"category","embeddable":true,"href":"https:\/\/987aldia.com\/web\/wp-json\/wp\/v2\/categories?post=1021"},{"taxonomy":"post_tag","embeddable":true,"href":"https:\/\/987aldia.com\/web\/wp-json\/wp\/v2\/tags?post=1021"}],"curies":[{"name":"wp","href":"https:\/\/api.w.org\/{rel}","templated":true}]}}