{"id":1038,"date":"2023-04-04T09:46:15","date_gmt":"2023-04-04T09:46:15","guid":{"rendered":"https:\/\/987aldia.com\/web\/?p=1038"},"modified":"2023-04-04T09:46:15","modified_gmt":"2023-04-04T09:46:15","slug":"la-feria-del-libro-de-leon-celebrara-su-45a-edicion-del-4-al-14-de-mayo","status":"publish","type":"post","link":"https:\/\/987aldia.com\/web\/la-feria-del-libro-de-leon-celebrara-su-45a-edicion-del-4-al-14-de-mayo\/","title":{"rendered":"La Feria del Libro de Le\u00f3n celebrar\u00e1 su 45\u00aa edici\u00f3n del 4 al 14 de mayo"},"content":{"rendered":"\n<ul class=\"wp-block-list\">\n<li><strong>Este a\u00f1o, el evento literario adelanta sus fechas habituales para dar comienzo el primer fin de semana del mes y prolongarse durante once d\u00edas, con un preg\u00f3n que tendr\u00e1 lugar el jueves d\u00eda 4 y que, como en las \u00faltimas ediciones, protagonizar\u00e1n las voces de un escritor y una escritora, ambos vinculados a la ciudad.<\/strong><\/li>\n<\/ul>\n\n\n\n<ul class=\"wp-block-list\">\n<li><strong>La Asociaci\u00f3n de Libreros de Le\u00f3n, que organiza la feria junto al Ayuntamiento de Le\u00f3n, promete ofrecer una completa y variada programaci\u00f3n, con el g\u00e9nero literario del cuento como <em>leitmotiv<\/em>, aprovechando la celebraci\u00f3n del centenario del nacimiento de Antonio Pereira.<\/strong><\/li>\n<\/ul>\n\n\n\n<p><strong>Martes, 4 de abril de 2023, 10:30 h. <\/strong>La Feria del Libro de Le\u00f3n, que este a\u00f1o alcanza su cuadrag\u00e9simo quinta edici\u00f3n, adelanta sus fechas habituales para celebrarse en esta ocasi\u00f3n del 4 al 14 de mayo, volviendo a situar las casetas de las librer\u00edas, editoriales y firmas de autores en la avenida peatonal de Ordo\u00f1o II. La Asociaci\u00f3n de Libreros de Le\u00f3n organiza, junto al Ayuntamiento de Le\u00f3n, el evento literario por excelencia de la ciudad, el cual cuenta con la colaboraci\u00f3n de la Universidad de Le\u00f3n, las Bibliotecas Municipales, el Instituto Leon\u00e9s de Cultura (ILC) a trav\u00e9s de la Diputaci\u00f3n de Le\u00f3n y la Biblioteca de Le\u00f3n, dependiente de la red de bibliotecas p\u00fablicas de la Junta de Castilla y Le\u00f3n.<\/p>\n\n\n\n<p>\u00abEste a\u00f1o, adelantamos la feria a las primeras semanas del mes de mayo\u00bb, anuncia la presidenta de la Asociaci\u00f3n de Libreros de Le\u00f3n y responsable de la librer\u00eda Cosmos, Sandra Llamas. \u00abComenzaremos el jueves, d\u00eda 4, con un preg\u00f3n protagonizado de nuevo por dos autores, un hombre y una mujer, ambos vinculados a la ciudad. Las actividades dar\u00e1n comienzo el viernes, de manera que la programaci\u00f3n de la feria se va a desarrollar a lo largo de once d\u00edas\u00bb, apunta.<\/p>\n\n\n\n<p>\u00abDe nuevo, tendremos interesantes propuestas tanto para adultos como para los m\u00e1s peque\u00f1os\u00bb, adelanta, \u00abel <em>leitmotiv<\/em> de este a\u00f1o ser\u00e1 el cuento, aprovechando la celebraci\u00f3n de los cien a\u00f1os del nacimiento de Antonio Pereira\u00bb. El legado narrativo y po\u00e9tico del autor villafranquino tendr\u00e1 su espacio en la 45\u00aa Feria del Libro, gracias a la ayuda de la Fundaci\u00f3n Antonio Pereira. A este centenario se sumar\u00e1 otro, el de la Cultural y Deportiva Leonesa, ya que el legendario club tendr\u00e1 su espacio tambi\u00e9n en las actividades previstas para la feria.<\/p>\n\n\n\n<p><strong>Autores y editoriales de Le\u00f3n. <\/strong>Tanto desde la asociaci\u00f3n que congrega a veintiuna librer\u00edas de la capital, como desde la Concejal\u00eda de Acci\u00f3n y Promoci\u00f3n Cultural del Ayuntamiento de Le\u00f3n, se sigue promoviendo la presencia de autores y editoriales leoneses en la feria. \u00abPor supuesto, contaremos con escritores y escritoras de cierto renombre a nivel nacional\u00bb, detalla Sandra Llamas, \u00absin olvidar invitar a autores y editoriales de la tierra, algunos de los cuales protagonizar\u00e1n interesantes actividades de forma conjunta, participando en mesas redondas y charlas abiertas al p\u00fablico, para que los lectores y lectoras puedan conocer de primera mano el mundo del libro\u00bb.<\/p>\n\n\n\n<p><strong>El D\u00eda del Libro como pr\u00f3logo. <\/strong>La Asociaci\u00f3n de Libreros calentar\u00e1 motores en una jornada previa que tendr\u00e1 lugar el domingo 23 de abril, D\u00eda Mundial del Libro, en el patio del Palacio de los Guzmanes. Gracias a la Diputaci\u00f3n de Le\u00f3n, a trav\u00e9s del ILC, y con la colaboraci\u00f3n del Ayuntamiento de Le\u00f3n, se celebrar\u00e1 esta fecha simb\u00f3lica para los amantes de la literatura, con el objetivo de fomentar la lectura, as\u00ed como la protecci\u00f3n y conocimiento de la industria editorial.<\/p>\n\n\n\n<p>\u00abPor el momento no podemos desvelar los detalles de la jornada, lo haremos en los pr\u00f3ximos d\u00edas. Pero s\u00ed que podemos adelantar que va a ser un d\u00eda intenso, desde las once de la ma\u00f1ana a las nueve de la noche, en el que estar\u00e1n presentes muchas librer\u00edas, no s\u00f3lo de la capital, sino del resto de la provincia, y que contaremos con cuentacuentos y actuaciones musicales\u00bb, declara la presidenta de la Asociaci\u00f3n de Libreros de Le\u00f3n.\u00a0<\/p>\n\n\n\n<figure class=\"wp-block-gallery has-nested-images columns-default is-cropped wp-block-gallery-1 is-layout-flex wp-block-gallery-is-layout-flex\">\n<figure class=\"wp-block-image size-large\"><img fetchpriority=\"high\" decoding=\"async\" width=\"800\" height=\"400\" data-id=\"1040\" src=\"https:\/\/987aldia.com\/web\/wp-content\/uploads\/2023\/04\/Casetas-Feria-del-Libro-de-Leo_n-2022_02_C-Noemi_-Garci_a.jpg\" alt=\"\" class=\"wp-image-1040\" srcset=\"https:\/\/987aldia.com\/web\/wp-content\/uploads\/2023\/04\/Casetas-Feria-del-Libro-de-Leo_n-2022_02_C-Noemi_-Garci_a.jpg 800w, https:\/\/987aldia.com\/web\/wp-content\/uploads\/2023\/04\/Casetas-Feria-del-Libro-de-Leo_n-2022_02_C-Noemi_-Garci_a-300x150.jpg 300w, https:\/\/987aldia.com\/web\/wp-content\/uploads\/2023\/04\/Casetas-Feria-del-Libro-de-Leo_n-2022_02_C-Noemi_-Garci_a-768x384.jpg 768w\" sizes=\"(max-width: 800px) 100vw, 800px\" \/><\/figure>\n<\/figure>\n","protected":false},"excerpt":{"rendered":"<p>Martes, 4 de abril de 2023, 10:30 h. La Feria del Libro de Le\u00f3n, que este a\u00f1o alcanza su cuadrag\u00e9simo quinta edici\u00f3n, adelanta sus fechas habituales para celebrarse en esta ocasi\u00f3n del 4 al 14 de mayo, volviendo a situar las casetas de las librer\u00edas, editoriales y firmas de autores en la avenida peatonal de [&hellip;]<\/p>\n","protected":false},"author":1,"featured_media":1039,"comment_status":"open","ping_status":"closed","sticky":false,"template":"","format":"standard","meta":{"_monsterinsights_skip_tracking":false,"_monsterinsights_sitenote_active":false,"_monsterinsights_sitenote_note":"","_monsterinsights_sitenote_category":0,"site-container-style":"default","site-container-layout":"default","site-sidebar-layout":"default","disable-article-header":"default","disable-site-header":"default","disable-site-footer":"default","disable-content-area-spacing":"default","_jetpack_memberships_contains_paid_content":false,"footnotes":"","jetpack_publicize_message":"","jetpack_publicize_feature_enabled":true,"jetpack_social_post_already_shared":false,"jetpack_social_options":{"image_generator_settings":{"template":"highway","default_image_id":0,"font":"","enabled":false},"version":2}},"categories":[7],"tags":[],"class_list":["post-1038","post","type-post","status-publish","format-standard","has-post-thumbnail","hentry","category-notas-de-prensa"],"jetpack_publicize_connections":[],"jetpack_featured_media_url":"https:\/\/987aldia.com\/web\/wp-content\/uploads\/2023\/04\/Casetas-Feria-del-Libro-de-Leo_n-2022_01_C-Noemi_-Garci_a.jpg","jetpack_sharing_enabled":true,"_links":{"self":[{"href":"https:\/\/987aldia.com\/web\/wp-json\/wp\/v2\/posts\/1038","targetHints":{"allow":["GET"]}}],"collection":[{"href":"https:\/\/987aldia.com\/web\/wp-json\/wp\/v2\/posts"}],"about":[{"href":"https:\/\/987aldia.com\/web\/wp-json\/wp\/v2\/types\/post"}],"author":[{"embeddable":true,"href":"https:\/\/987aldia.com\/web\/wp-json\/wp\/v2\/users\/1"}],"replies":[{"embeddable":true,"href":"https:\/\/987aldia.com\/web\/wp-json\/wp\/v2\/comments?post=1038"}],"version-history":[{"count":1,"href":"https:\/\/987aldia.com\/web\/wp-json\/wp\/v2\/posts\/1038\/revisions"}],"predecessor-version":[{"id":1041,"href":"https:\/\/987aldia.com\/web\/wp-json\/wp\/v2\/posts\/1038\/revisions\/1041"}],"wp:featuredmedia":[{"embeddable":true,"href":"https:\/\/987aldia.com\/web\/wp-json\/wp\/v2\/media\/1039"}],"wp:attachment":[{"href":"https:\/\/987aldia.com\/web\/wp-json\/wp\/v2\/media?parent=1038"}],"wp:term":[{"taxonomy":"category","embeddable":true,"href":"https:\/\/987aldia.com\/web\/wp-json\/wp\/v2\/categories?post=1038"},{"taxonomy":"post_tag","embeddable":true,"href":"https:\/\/987aldia.com\/web\/wp-json\/wp\/v2\/tags?post=1038"}],"curies":[{"name":"wp","href":"https:\/\/api.w.org\/{rel}","templated":true}]}}