{"id":1061,"date":"2023-05-22T07:25:16","date_gmt":"2023-05-22T07:25:16","guid":{"rendered":"https:\/\/987aldia.com\/web\/?p=1061"},"modified":"2023-05-22T07:25:17","modified_gmt":"2023-05-22T07:25:17","slug":"la-calle-rodolfo-martin-villa-ya-se-llama-justina-gonzalez-morilla","status":"publish","type":"post","link":"https:\/\/987aldia.com\/web\/la-calle-rodolfo-martin-villa-ya-se-llama-justina-gonzalez-morilla\/","title":{"rendered":"La calle Rodolfo Mart\u00edn Villa ya se llama Justina Gonz\u00e1lez Morilla"},"content":{"rendered":"\n<h2 class=\"wp-block-heading\">El Ayuntamiento de San Andr\u00e9s del Rabanedo cumple con la Ley de la Memoria Democr\u00e1tica en este vial del Barrio de Pinilla y recuerda tambi\u00e9n a las personas afectadas por la construcci\u00f3n de los embalses de la Regi\u00f3n Leonesa<\/h2>\n\n\n\n<p><strong>19 de mayo de 2023.-<\/strong> El Ayuntamiento de San Andr\u00e9s del Rabanedo ya ha hecho efectiva el cambio de denominaci\u00f3n de la calle Rodolfo Mart\u00edn Villa del Barrio de Pinilla y ya luce el nombre de Justina Gonz\u00e1lez Morilla.<\/p>\n\n\n\n<p>Se trata de una medida que se aprob\u00f3 en una moci\u00f3n en el pleno del 25 de febrero de 2021 y algo m\u00e1s de dos a\u00f1os despu\u00e9s se ha ejecutado en el callejero municipal tras la denuncia ante el Juzgado por parte del PP que encabeza la concejala Noelia \u00c1lvarez, que present\u00f3 un recurso contra el acuerdo de la sesi\u00f3n plenaria y que fue inadmitido por el magistrado del Contencioso Administrativo n\u00famero 1 de Le\u00f3n, de ah\u00ed que se haya paralizado hasta este momento el cambio de denominaci\u00f3n tanto administrativa como f\u00edsicamente, con la colocaci\u00f3n de la nueva placa. &nbsp;<\/p>\n\n\n\n<p>De esta forma, se eliminar\u00e1 del callejero la v\u00eda en la que se rinde homenaje al leon\u00e9s que fuera ministro tras la dictadura de Franco, siguiendo as\u00ed los procedimientos establecidos en la Ley de la Memoria Hist\u00f3rica, derogada por la Ley de Memoria Democr\u00e1tica que entr\u00f3 en vigor el 21 de octubre de 2022.<\/p>\n\n\n\n<p>Con este cambio de nomenclatura, se podr\u00e1 homenajear a Justina Gonz\u00e1lez Morilla, que fue la primera m\u00e9dica odont\u00f3loga y pediatra en la provincia de Le\u00f3n, adem\u00e1s de la primera estudiante y posteriormente titulada de Veterinaria de Espa\u00f1a.<\/p>\n\n\n\n<p>Hay que recordar adem\u00e1s que se contemplan tres nuevas calles, que estar\u00e1n ubicadas en la zona que se est\u00e1 urbanizando entre el Lidl y la Comisar\u00eda de la Polic\u00eda Nacional, y que estar\u00e1n dedicadas al Mando de Artiller\u00eda de Campa\u00f1a y a la Unidad Militar de Emergencias, adem\u00e1s de al escritor Joaqu\u00edn Cuevas Aller. Por otra parte, se ha colocado una placa en este barrio para rendir homenaje a las personas afectadas por la construcci\u00f3n de los pantanos en la Regi\u00f3n Leonesa, puesto que muchos vecinos y vecinas de Pinilla provienen de pueblos anegados por las aguas tras la construcci\u00f3n de estas infraestructuras.<\/p>\n\n\n\n<figure class=\"wp-block-image size-full\"><img fetchpriority=\"high\" decoding=\"async\" width=\"800\" height=\"400\" src=\"https:\/\/987aldia.com\/web\/wp-content\/uploads\/2023\/05\/Calle-Justina.jpg\" alt=\"\" class=\"wp-image-1063\" srcset=\"https:\/\/987aldia.com\/web\/wp-content\/uploads\/2023\/05\/Calle-Justina.jpg 800w, https:\/\/987aldia.com\/web\/wp-content\/uploads\/2023\/05\/Calle-Justina-300x150.jpg 300w, https:\/\/987aldia.com\/web\/wp-content\/uploads\/2023\/05\/Calle-Justina-768x384.jpg 768w\" sizes=\"(max-width: 800px) 100vw, 800px\" \/><\/figure>\n","protected":false},"excerpt":{"rendered":"<p>El Ayuntamiento de San Andr\u00e9s del Rabanedo cumple con la Ley de la Memoria Democr\u00e1tica en este vial del Barrio de Pinilla y recuerda tambi\u00e9n a las personas afectadas por la construcci\u00f3n de los embalses de la Regi\u00f3n Leonesa 19 de mayo de 2023.- El Ayuntamiento de San Andr\u00e9s del Rabanedo ya ha hecho efectiva [&hellip;]<\/p>\n","protected":false},"author":1,"featured_media":1062,"comment_status":"open","ping_status":"closed","sticky":false,"template":"","format":"standard","meta":{"_monsterinsights_skip_tracking":false,"_monsterinsights_sitenote_active":false,"_monsterinsights_sitenote_note":"","_monsterinsights_sitenote_category":0,"site-container-style":"default","site-container-layout":"default","site-sidebar-layout":"default","disable-article-header":"default","disable-site-header":"default","disable-site-footer":"default","disable-content-area-spacing":"default","_jetpack_memberships_contains_paid_content":false,"footnotes":"","jetpack_publicize_message":"","jetpack_publicize_feature_enabled":true,"jetpack_social_post_already_shared":false,"jetpack_social_options":{"image_generator_settings":{"template":"highway","default_image_id":0,"font":"","enabled":false},"version":2}},"categories":[1],"tags":[],"class_list":["post-1061","post","type-post","status-publish","format-standard","has-post-thumbnail","hentry","category-uncategorized"],"jetpack_publicize_connections":[],"jetpack_featured_media_url":"https:\/\/987aldia.com\/web\/wp-content\/uploads\/2023\/05\/Placa-afectados-embalses.jpeg","jetpack_sharing_enabled":true,"_links":{"self":[{"href":"https:\/\/987aldia.com\/web\/wp-json\/wp\/v2\/posts\/1061","targetHints":{"allow":["GET"]}}],"collection":[{"href":"https:\/\/987aldia.com\/web\/wp-json\/wp\/v2\/posts"}],"about":[{"href":"https:\/\/987aldia.com\/web\/wp-json\/wp\/v2\/types\/post"}],"author":[{"embeddable":true,"href":"https:\/\/987aldia.com\/web\/wp-json\/wp\/v2\/users\/1"}],"replies":[{"embeddable":true,"href":"https:\/\/987aldia.com\/web\/wp-json\/wp\/v2\/comments?post=1061"}],"version-history":[{"count":1,"href":"https:\/\/987aldia.com\/web\/wp-json\/wp\/v2\/posts\/1061\/revisions"}],"predecessor-version":[{"id":1064,"href":"https:\/\/987aldia.com\/web\/wp-json\/wp\/v2\/posts\/1061\/revisions\/1064"}],"wp:featuredmedia":[{"embeddable":true,"href":"https:\/\/987aldia.com\/web\/wp-json\/wp\/v2\/media\/1062"}],"wp:attachment":[{"href":"https:\/\/987aldia.com\/web\/wp-json\/wp\/v2\/media?parent=1061"}],"wp:term":[{"taxonomy":"category","embeddable":true,"href":"https:\/\/987aldia.com\/web\/wp-json\/wp\/v2\/categories?post=1061"},{"taxonomy":"post_tag","embeddable":true,"href":"https:\/\/987aldia.com\/web\/wp-json\/wp\/v2\/tags?post=1061"}],"curies":[{"name":"wp","href":"https:\/\/api.w.org\/{rel}","templated":true}]}}