{"id":1065,"date":"2023-05-22T07:27:16","date_gmt":"2023-05-22T07:27:16","guid":{"rendered":"https:\/\/987aldia.com\/web\/?p=1065"},"modified":"2023-05-22T07:27:17","modified_gmt":"2023-05-22T07:27:17","slug":"el-vial-de-san-juan-de-dios-se-abrira-este-verano-con-todas-las-garantias-de-seguridad","status":"publish","type":"post","link":"https:\/\/987aldia.com\/web\/el-vial-de-san-juan-de-dios-se-abrira-este-verano-con-todas-las-garantias-de-seguridad\/","title":{"rendered":"El vial de San Juan de Dios se abrir\u00e1 este verano con todas las garant\u00edas de seguridad"},"content":{"rendered":"\n<h2 class=\"wp-block-heading\">La candidata del PSOE a la Alcald\u00eda de San Andr\u00e9s del Rabanedo, Camino Caba\u00f1as, explica que la firma del convenio con ADIF permitir\u00e1 la apertura de esta carretera, que inmediatamente se completar\u00e1 con la licitaci\u00f3n y posterior adjudicaci\u00f3n de los otros dos carriles y la adecuaci\u00f3n del vial hasta la rotonda del Ayuntamiento<\/h2>\n\n\n\n<p>La candidata del PSOE a la Alcald\u00eda de San Andr\u00e9s del Rabanedo, Camino Caba\u00f1as, confirma que \u201cel vial de San Juan de Dios se abrir\u00e1 este verano con todas las garant\u00edas de seguridad, despu\u00e9s de que se firme el convenio con ADIF\u201d, subrayando as\u00ed que \u201cse van a corregir las deficiencias que los servicios t\u00e9cnicos hab\u00edan detectado durante su construcci\u00f3n y que van a ser subsanadas, con el consiguiente dispositivo de tr\u00e1fico planteado por la Polic\u00eda Local\u201d.<\/p>\n\n\n\n<p>Camino Caba\u00f1as detalla que \u201csi este vial va a poder tener cuatro carriles es porque durante este mandato se ha negociado continuamente con ADIF para que incluyera parte de esta infraestructura, como son las pilastras de los dos carriles que se van a construir con financiaci\u00f3n propia, un total de 1,9 millones que ya tienen consignaci\u00f3n presupuestaria, m\u00e1s otros 300.000 euros de la Junta\u201d. \u201cEn cuanto est\u00e9 abierto, ADIF licitar\u00e1 estos trabajos, y tambi\u00e9n se har\u00e1 cargo de la direcci\u00f3n de una obra que incluye la supresi\u00f3n de la rotonda anterior al puente y la prolongaci\u00f3n hacia la glorieta del Ayuntamiento, junto a M\u00e1rmoles Aldeiturriaga, tambi\u00e9n con dos carriles por cada sentido, salvando as\u00ed la Presa del Bernesga\u201d.<\/p>\n\n\n\n<p>La candidata a la Alcald\u00eda de San Andr\u00e9s remarca por tanto que \u201csi la ciudadan\u00eda sigue confiando en el PSOE, todas las actuaciones planteadas van a poder ejecutarse en el menor tiempo posible, ya que el trabajo va a continuar en la misma l\u00ednea y ahora ya con la garant\u00eda de conocer c\u00f3mo lograr materializar los proyectos, sin esperar a que haya un nuevo equipo de gobierno sin la experiencia suficiente\u201d.<\/p>\n\n\n\n<p>Camino Caba\u00f1as resalta tambi\u00e9n que en materia de infraestructuras \u201ces imprescindible aprovechar la oportunidad que ofrece el Gobierno para materializar un plan de integraci\u00f3n ferroviaria que realmente resuelve las reivindicaciones planteadas por la ciudadan\u00eda en el puente de Trobajo y respecto a la pasarela peatonal, al tiempo que plantea un nuevo espacio verde e integrador en el barrio de La Sal, partiendo de la base de que ni ADIF ni el Ministerio permiten otra f\u00f3rmula que suponga modificar o suspender la cota de la v\u00eda\u201d.<\/p>\n\n\n\n<p>\u201cNuestro compromiso es seguir buscando inversiones en otras administraciones, como se demuestra que la Junta de Castilla y Le\u00f3n colabora en la financiaci\u00f3n de los cuatro carriles del vial de San Juan de Dios o la ejecuci\u00f3n del carril bici y acerados en la carretera de Caboalles tras la PNL presentada por el PSOE en las Cortes hace tres a\u00f1os\u201d, se\u00f1ala Camino Caba\u00f1as. La candidata socialista destaca adem\u00e1s como uno de los grandes proyectos que se van a ejecutar en el municipio \u201cla creaci\u00f3n de la UDRUME en la base Conde de Gazola de Ferral del Bernesga, que va a suponer no solo una inversi\u00f3n de 40 millones de euros en el municipio, sino tambi\u00e9n un poderoso atractivo para atraer actividad econ\u00f3mica y poblaci\u00f3n, en la l\u00ednea de la tendencia que se ha iniciado este a\u00f1o de incremento de vecinos y vecinas, atendiendo a los datos del \u00faltimo padr\u00f3n\u201d. Caba\u00f1as resalta adem\u00e1s que el Gobierno ya ha sacado a licitaci\u00f3n la construcci\u00f3n de la glorieta de la N-120 en el pol\u00edgono industrial de Trobajo por 1,47 millones de euros, que supondr\u00e1 \u201cun impulso para este espacio empresarial y una mejora del tr\u00e1fico para el conjunto de la ciudadan\u00eda\u201d, adem\u00e1s de que se ha iniciado el estudio informativo de la Ronda Noroeste, que contempla dos de sus tres salidas en el municipio, por donde transcurre buena parte de sus casi 12 kil\u00f3metros.<\/p>\n","protected":false},"excerpt":{"rendered":"<p>La candidata del PSOE a la Alcald\u00eda de San Andr\u00e9s del Rabanedo, Camino Caba\u00f1as, explica que la firma del convenio con ADIF permitir\u00e1 la apertura de esta carretera, que inmediatamente se completar\u00e1 con la licitaci\u00f3n y posterior adjudicaci\u00f3n de los otros dos carriles y la adecuaci\u00f3n del vial hasta la rotonda del Ayuntamiento La candidata [&hellip;]<\/p>\n","protected":false},"author":1,"featured_media":1066,"comment_status":"open","ping_status":"closed","sticky":false,"template":"","format":"standard","meta":{"_monsterinsights_skip_tracking":false,"_monsterinsights_sitenote_active":false,"_monsterinsights_sitenote_note":"","_monsterinsights_sitenote_category":0,"site-container-style":"default","site-container-layout":"default","site-sidebar-layout":"default","disable-article-header":"default","disable-site-header":"default","disable-site-footer":"default","disable-content-area-spacing":"default","_jetpack_memberships_contains_paid_content":false,"footnotes":"","jetpack_publicize_message":"","jetpack_publicize_feature_enabled":true,"jetpack_social_post_already_shared":false,"jetpack_social_options":{"image_generator_settings":{"template":"highway","default_image_id":0,"font":"","enabled":false},"version":2}},"categories":[1],"tags":[],"class_list":["post-1065","post","type-post","status-publish","format-standard","has-post-thumbnail","hentry","category-uncategorized"],"jetpack_publicize_connections":[],"jetpack_featured_media_url":"https:\/\/987aldia.com\/web\/wp-content\/uploads\/2023\/05\/Vial-San-Juan-de-Dios.jpg","jetpack_sharing_enabled":true,"_links":{"self":[{"href":"https:\/\/987aldia.com\/web\/wp-json\/wp\/v2\/posts\/1065","targetHints":{"allow":["GET"]}}],"collection":[{"href":"https:\/\/987aldia.com\/web\/wp-json\/wp\/v2\/posts"}],"about":[{"href":"https:\/\/987aldia.com\/web\/wp-json\/wp\/v2\/types\/post"}],"author":[{"embeddable":true,"href":"https:\/\/987aldia.com\/web\/wp-json\/wp\/v2\/users\/1"}],"replies":[{"embeddable":true,"href":"https:\/\/987aldia.com\/web\/wp-json\/wp\/v2\/comments?post=1065"}],"version-history":[{"count":1,"href":"https:\/\/987aldia.com\/web\/wp-json\/wp\/v2\/posts\/1065\/revisions"}],"predecessor-version":[{"id":1067,"href":"https:\/\/987aldia.com\/web\/wp-json\/wp\/v2\/posts\/1065\/revisions\/1067"}],"wp:featuredmedia":[{"embeddable":true,"href":"https:\/\/987aldia.com\/web\/wp-json\/wp\/v2\/media\/1066"}],"wp:attachment":[{"href":"https:\/\/987aldia.com\/web\/wp-json\/wp\/v2\/media?parent=1065"}],"wp:term":[{"taxonomy":"category","embeddable":true,"href":"https:\/\/987aldia.com\/web\/wp-json\/wp\/v2\/categories?post=1065"},{"taxonomy":"post_tag","embeddable":true,"href":"https:\/\/987aldia.com\/web\/wp-json\/wp\/v2\/tags?post=1065"}],"curies":[{"name":"wp","href":"https:\/\/api.w.org\/{rel}","templated":true}]}}