{"id":1073,"date":"2023-05-22T07:36:28","date_gmt":"2023-05-22T07:36:28","guid":{"rendered":"https:\/\/987aldia.com\/web\/?p=1073"},"modified":"2023-05-22T07:36:29","modified_gmt":"2023-05-22T07:36:29","slug":"queremos-incrementar-las-inversiones-en-villabalter-y-tambien-la-transparencia","status":"publish","type":"post","link":"https:\/\/987aldia.com\/web\/queremos-incrementar-las-inversiones-en-villabalter-y-tambien-la-transparencia\/","title":{"rendered":"Queremos incrementar las inversiones en Villabalter y tambi\u00e9n la transparencia"},"content":{"rendered":"\n<h2 class=\"wp-block-heading\">La candidata a la Alcald\u00eda de San Andr\u00e9s por el PSOE, Camino Caba\u00f1as, recoge las peticiones y sugerencias de los vecinos y vecinas de la localidad, en la que se aspira a gobernar en la Junta Vecinal con Eugenia Delgado \u201cpara dar m\u00e1s transparencia a la ciudadan\u00eda\u201d<\/h2>\n\n\n\n<p>La candidata del PSOE a la Alcald\u00eda de San Andr\u00e9s del Rabanedo, Camino Caba\u00f1as, ha recorrido este viernes las calles y plazas de Villabalter junto a parte de su candidatura as\u00ed como de la candidata a la Junta Vecinal, Eugenia Delgado.<\/p>\n\n\n\n<p>La actual alcaldesa de San Andr\u00e9s ha explicado que durante el \u00faltimo mandato se han invertido 250.000 euros, \u201cy se espera que durante los pr\u00f3ximos cuatro a\u00f1os, si la ciudadan\u00eda deposita su confianza en el PSOE, se incremente esta cantidad, puesto que est\u00e1 previsto remodelar el parque de Barcaduro as\u00ed como la plaza del consultorio m\u00e9dico, adem\u00e1s de continuar con el asfaltado de varias calles y la rehabilitaci\u00f3n de aceras de la localidad\u201d. \u201cSomos conscientes de que a\u00fan queda mucho por hacer, por lo que tenemos localizadas todas las mejoras necesarias y si los vecinos y vecinas quieren, se podr\u00e1n ejecutar lo m\u00e1s r\u00e1pido posible\u201d, ha se\u00f1alado Camino Caba\u00f1as.<\/p>\n\n\n\n<p>A todo ello se une que durante el pr\u00f3ximo mandato est\u00e1 previsto que se finalice la construcci\u00f3n del carril bici y aceras en la carretera de Caboalles, una obra que financia la Junta despu\u00e9s de que se aprobara por unanimidad en las Cortes una PNL presentada por el PSOE.<\/p>\n\n\n\n<figure class=\"wp-block-image size-full\"><img fetchpriority=\"high\" decoding=\"async\" width=\"800\" height=\"400\" src=\"https:\/\/987aldia.com\/web\/wp-content\/uploads\/2023\/05\/Villabalter-2.jpg\" alt=\"\" class=\"wp-image-1075\" srcset=\"https:\/\/987aldia.com\/web\/wp-content\/uploads\/2023\/05\/Villabalter-2.jpg 800w, https:\/\/987aldia.com\/web\/wp-content\/uploads\/2023\/05\/Villabalter-2-300x150.jpg 300w, https:\/\/987aldia.com\/web\/wp-content\/uploads\/2023\/05\/Villabalter-2-768x384.jpg 768w\" sizes=\"(max-width: 800px) 100vw, 800px\" \/><\/figure>\n\n\n\n<p><strong>Actuaciones de la Junta Vecinal<\/strong><\/p>\n\n\n\n<p>La candidata del PSOE para gobernar en la Junta Vecinal, Eugenia Delgado, explica que el objetivo que se marca es \u201crecuperar la transparencia en la pedan\u00eda, para as\u00ed poder conocer todas las cuentas y saber en qu\u00e9 se han gastado estos a\u00f1os todos los ingresos\u201d.<\/p>\n\n\n\n<p>\u201cQueremos potenciar tambi\u00e9n la participaci\u00f3n ciudadana mediante la celebraci\u00f3n de concejos abiertos en los que quienes asistan puedan opinar y votar sobre los asuntos que m\u00e1s nos preocupen, sobre los m\u00e1s conflictivos y tambi\u00e9n sobre las sugerencias y peticiones. Porque es necesario un verdadero canal de comunicaci\u00f3n directo entre los vecinos y vecinas y la Junta Vecinal, con total transparencia y claridad\u201d, explica Eugenia Delgado, que estar\u00e1 acompa\u00f1ada en la Junta Vecinal por Liliana Izquierdo, actual concejala en el Ayuntamiento.<\/p>\n\n\n\n<p>\u201cComo nuestro objetivo es que Villabalter mejore en todos los sentidos, vamos a hacer frente a las situaciones que m\u00e1s preocupan a todos, como es la gesti\u00f3n del agua, por lo que realizaremos un an\u00e1lisis de la situaci\u00f3n actual para mejorar su eficacia y su eficiencia, adem\u00e1s de estar vigilantes y resolver con la m\u00e1xima celeridad aquellas incidencias y problemas que surjan en las instalaciones y edificios p\u00fablicos, adem\u00e1s de en las calles y jardines\u201d.<\/p>\n\n\n\n<p>Eugenia Delgado resalta que \u201clos espacios vecinales son para la ciudadan\u00eda, y por eso el objetivo es recuperarlos para que puedan ser utilizados por quienes los requieran, tanto por las asociaciones y colectivos como por otras personas que necesitan d\u00f3nde reunirse o realizar actividades\u201d. Se trata por tanto de \u201cfomentar la vida cultural y social, en especial de las personas mayores, colectivo fundamental que tiene que volver a recuperar la importancia y la dedicaci\u00f3n que siempre ha tenido, con especial atenci\u00f3n a las tradiciones y a las actividades para ellos y ellas\u201d, al tiempo que se espera mantener las actividades deportivas y culturales que cada vez tienen m\u00e1s aceptaci\u00f3n, como las promovidas por Haga como Haga o Balterius 98, a quien se espera poder dar el nombre de la plaza del consultorio m\u00e9dico.<\/p>\n\n\n\n<figure class=\"wp-block-image size-full\"><img decoding=\"async\" width=\"800\" height=\"400\" src=\"https:\/\/987aldia.com\/web\/wp-content\/uploads\/2023\/05\/Villabalter.jpg\" alt=\"\" class=\"wp-image-1076\" srcset=\"https:\/\/987aldia.com\/web\/wp-content\/uploads\/2023\/05\/Villabalter.jpg 800w, https:\/\/987aldia.com\/web\/wp-content\/uploads\/2023\/05\/Villabalter-300x150.jpg 300w, https:\/\/987aldia.com\/web\/wp-content\/uploads\/2023\/05\/Villabalter-768x384.jpg 768w\" sizes=\"(max-width: 800px) 100vw, 800px\" \/><\/figure>\n","protected":false},"excerpt":{"rendered":"<p>La candidata a la Alcald\u00eda de San Andr\u00e9s por el PSOE, Camino Caba\u00f1as, recoge las peticiones y sugerencias de los vecinos y vecinas de la localidad, en la que se aspira a gobernar en la Junta Vecinal con Eugenia Delgado \u201cpara dar m\u00e1s transparencia a la ciudadan\u00eda\u201d La candidata del PSOE a la Alcald\u00eda de [&hellip;]<\/p>\n","protected":false},"author":1,"featured_media":1074,"comment_status":"open","ping_status":"closed","sticky":false,"template":"","format":"standard","meta":{"_monsterinsights_skip_tracking":false,"_monsterinsights_sitenote_active":false,"_monsterinsights_sitenote_note":"","_monsterinsights_sitenote_category":0,"site-container-style":"default","site-container-layout":"default","site-sidebar-layout":"default","disable-article-header":"default","disable-site-header":"default","disable-site-footer":"default","disable-content-area-spacing":"default","_jetpack_memberships_contains_paid_content":false,"footnotes":"","jetpack_publicize_message":"","jetpack_publicize_feature_enabled":true,"jetpack_social_post_already_shared":false,"jetpack_social_options":{"image_generator_settings":{"template":"highway","default_image_id":0,"font":"","enabled":false},"version":2}},"categories":[7],"tags":[],"class_list":["post-1073","post","type-post","status-publish","format-standard","has-post-thumbnail","hentry","category-notas-de-prensa"],"jetpack_publicize_connections":[],"jetpack_featured_media_url":"https:\/\/987aldia.com\/web\/wp-content\/uploads\/2023\/05\/Villabalter-3.jpg","jetpack_sharing_enabled":true,"_links":{"self":[{"href":"https:\/\/987aldia.com\/web\/wp-json\/wp\/v2\/posts\/1073","targetHints":{"allow":["GET"]}}],"collection":[{"href":"https:\/\/987aldia.com\/web\/wp-json\/wp\/v2\/posts"}],"about":[{"href":"https:\/\/987aldia.com\/web\/wp-json\/wp\/v2\/types\/post"}],"author":[{"embeddable":true,"href":"https:\/\/987aldia.com\/web\/wp-json\/wp\/v2\/users\/1"}],"replies":[{"embeddable":true,"href":"https:\/\/987aldia.com\/web\/wp-json\/wp\/v2\/comments?post=1073"}],"version-history":[{"count":1,"href":"https:\/\/987aldia.com\/web\/wp-json\/wp\/v2\/posts\/1073\/revisions"}],"predecessor-version":[{"id":1077,"href":"https:\/\/987aldia.com\/web\/wp-json\/wp\/v2\/posts\/1073\/revisions\/1077"}],"wp:featuredmedia":[{"embeddable":true,"href":"https:\/\/987aldia.com\/web\/wp-json\/wp\/v2\/media\/1074"}],"wp:attachment":[{"href":"https:\/\/987aldia.com\/web\/wp-json\/wp\/v2\/media?parent=1073"}],"wp:term":[{"taxonomy":"category","embeddable":true,"href":"https:\/\/987aldia.com\/web\/wp-json\/wp\/v2\/categories?post=1073"},{"taxonomy":"post_tag","embeddable":true,"href":"https:\/\/987aldia.com\/web\/wp-json\/wp\/v2\/tags?post=1073"}],"curies":[{"name":"wp","href":"https:\/\/api.w.org\/{rel}","templated":true}]}}