{"id":1081,"date":"2023-05-23T07:53:53","date_gmt":"2023-05-23T07:53:53","guid":{"rendered":"https:\/\/987aldia.com\/web\/?p=1081"},"modified":"2023-05-23T07:53:54","modified_gmt":"2023-05-23T07:53:54","slug":"la-junta-vecinal-de-san-andres-preve-crear-una-nueva-zona-de-esparcimiento-canino","status":"publish","type":"post","link":"https:\/\/987aldia.com\/web\/la-junta-vecinal-de-san-andres-preve-crear-una-nueva-zona-de-esparcimiento-canino\/","title":{"rendered":"La Junta Vecinal de San Andr\u00e9s prev\u00e9 crear una nueva zona de esparcimiento canino"},"content":{"rendered":"\n<h2 class=\"wp-block-heading\">La candidata del PSOE para la pedan\u00eda, Katia Badeso, recuerda que en este mandato se ha recuperado el abrevadero del Tru\u00e9bano y se ha creado un Skate Park, y espera poder adecuar los locales de Eugenio de Nora para asociaciones y colectivos.<\/h2>\n\n\n\n<p>La candidata por el PSOE a la Junta Vecinal de San Andr\u00e9s del Rabanedo, Katia Badeso, prev\u00e9 crear una nueva zona de esparcimiento canino en la localidad si la ciudadan\u00eda mantiene su confianza, tal y como ocurri\u00f3 hace cuatro a\u00f1os. El objetivo es \u201ccrear otro espacio destinado a las mascotas para los vecinos y vecinas del pueblo, independiente del resto de zonas verdes\u201d, especifica.<\/p>\n\n\n\n<p>Seg\u00fan resalta, tambi\u00e9n est\u00e1 previsto \u201ccontinuar con el importante trabajo de mantenimiento de los caminos vecinales, para as\u00ed dar acceso a la ciudadan\u00eda a zonas como las bodegas, donde se seguir\u00e1 solicitando mayor presencia policial y la elaboraci\u00f3n por parte de la Junta de Castilla y Le\u00f3n, quien tiene las competencias en medio ambiente, de planes preventivos de incendios, con la realizaci\u00f3n de cortafuegos que eviten da\u00f1os como los sufridos recientemente en el monte\u201d.<\/p>\n\n\n\n<p>Katia Badeso, que se presenta junto a Paloma Fern\u00e1ndez, historiadora y autora de varios libros sobre el municipio, apunta que el mantenimiento de los espacios naturales y el monte \u201cse potenciar\u00e1 recuperando otra de las tradiciones del pueblo, como son las hacenderas\u201d. En esta l\u00ednea, se espera poder ofrecer \u201cun espacio para las personas mayores con elementos biosaludables, adem\u00e1s de promover la creaci\u00f3n de huertos urbanos en terrenos de la Junta Vecinal\u201d.<\/p>\n\n\n\n<p>Otro de los aspectos clave para el pr\u00f3ximo mandato \u201ces dar un espacio para el encuentro y las reuniones de asociaciones y colectivos, por lo que se van a acondicionar los locales de Eugenio de Nora, y que sirva as\u00ed para todas las edades, desde mayores hasta j\u00f3venes\u201d.<\/p>\n\n\n\n<p>El mantenimiento del cementerio vecinal, tal y como se ha desarrollado hasta el momento, es otro de los objetivos para el pr\u00f3ximo mandato, despu\u00e9s de cuatro a\u00f1os en los que adem\u00e1s se ha logrado la construcci\u00f3n de un Skate Park y la recuperaci\u00f3n del abrevadero del Tru\u00e9bano, adem\u00e1s de volver a celebrar los tradicionales concejos de San Andr\u00e9s, que solo se han interrumpido durante la pandemia.<\/p>\n\n\n\n<p>\u201cQueremos potenciar la creaci\u00f3n de ciclos culturales, con presentaciones de libros, representaciones teatrales y algo tan nuestro como son los filandones\u201d, agrega Katia Badeso, que adelanta adem\u00e1s que se prev\u00e9 \u201ctrasladar al resto de administraciones vuestras necesidades, quejas y sugerencias, por lo que la creaci\u00f3n de una p\u00e1gina web y un perfil en redes sociales de la Junta Vecinal ayudar\u00e1 a que todos nos mantengamos informados\u201d.<\/p>\n\n\n\n<figure class=\"wp-block-image size-full\"><img fetchpriority=\"high\" decoding=\"async\" width=\"800\" height=\"400\" src=\"https:\/\/987aldia.com\/web\/wp-content\/uploads\/2023\/05\/Skate-Park-San-Andres.jpg\" alt=\"\" class=\"wp-image-1083\" srcset=\"https:\/\/987aldia.com\/web\/wp-content\/uploads\/2023\/05\/Skate-Park-San-Andres.jpg 800w, https:\/\/987aldia.com\/web\/wp-content\/uploads\/2023\/05\/Skate-Park-San-Andres-300x150.jpg 300w, https:\/\/987aldia.com\/web\/wp-content\/uploads\/2023\/05\/Skate-Park-San-Andres-768x384.jpg 768w\" sizes=\"(max-width: 800px) 100vw, 800px\" \/><\/figure>\n","protected":false},"excerpt":{"rendered":"<p>La candidata del PSOE para la pedan\u00eda, Katia Badeso, recuerda que en este mandato se ha recuperado el abrevadero del Tru\u00e9bano y se ha creado un Skate Park, y espera poder adecuar los locales de Eugenio de Nora para asociaciones y colectivos. La candidata por el PSOE a la Junta Vecinal de San Andr\u00e9s del [&hellip;]<\/p>\n","protected":false},"author":1,"featured_media":1082,"comment_status":"open","ping_status":"closed","sticky":false,"template":"","format":"standard","meta":{"_monsterinsights_skip_tracking":false,"_monsterinsights_sitenote_active":false,"_monsterinsights_sitenote_note":"","_monsterinsights_sitenote_category":0,"site-container-style":"default","site-container-layout":"default","site-sidebar-layout":"default","disable-article-header":"default","disable-site-header":"default","disable-site-footer":"default","disable-content-area-spacing":"default","_jetpack_memberships_contains_paid_content":false,"footnotes":"","jetpack_publicize_message":"","jetpack_publicize_feature_enabled":true,"jetpack_social_post_already_shared":false,"jetpack_social_options":{"image_generator_settings":{"template":"highway","default_image_id":0,"font":"","enabled":false},"version":2}},"categories":[7],"tags":[],"class_list":["post-1081","post","type-post","status-publish","format-standard","has-post-thumbnail","hentry","category-notas-de-prensa"],"jetpack_publicize_connections":[],"jetpack_featured_media_url":"https:\/\/987aldia.com\/web\/wp-content\/uploads\/2023\/05\/JV-San-Andres.jpg","jetpack_sharing_enabled":true,"_links":{"self":[{"href":"https:\/\/987aldia.com\/web\/wp-json\/wp\/v2\/posts\/1081","targetHints":{"allow":["GET"]}}],"collection":[{"href":"https:\/\/987aldia.com\/web\/wp-json\/wp\/v2\/posts"}],"about":[{"href":"https:\/\/987aldia.com\/web\/wp-json\/wp\/v2\/types\/post"}],"author":[{"embeddable":true,"href":"https:\/\/987aldia.com\/web\/wp-json\/wp\/v2\/users\/1"}],"replies":[{"embeddable":true,"href":"https:\/\/987aldia.com\/web\/wp-json\/wp\/v2\/comments?post=1081"}],"version-history":[{"count":1,"href":"https:\/\/987aldia.com\/web\/wp-json\/wp\/v2\/posts\/1081\/revisions"}],"predecessor-version":[{"id":1084,"href":"https:\/\/987aldia.com\/web\/wp-json\/wp\/v2\/posts\/1081\/revisions\/1084"}],"wp:featuredmedia":[{"embeddable":true,"href":"https:\/\/987aldia.com\/web\/wp-json\/wp\/v2\/media\/1082"}],"wp:attachment":[{"href":"https:\/\/987aldia.com\/web\/wp-json\/wp\/v2\/media?parent=1081"}],"wp:term":[{"taxonomy":"category","embeddable":true,"href":"https:\/\/987aldia.com\/web\/wp-json\/wp\/v2\/categories?post=1081"},{"taxonomy":"post_tag","embeddable":true,"href":"https:\/\/987aldia.com\/web\/wp-json\/wp\/v2\/tags?post=1081"}],"curies":[{"name":"wp","href":"https:\/\/api.w.org\/{rel}","templated":true}]}}