{"id":1085,"date":"2023-05-23T08:00:56","date_gmt":"2023-05-23T08:00:56","guid":{"rendered":"https:\/\/987aldia.com\/web\/?p=1085"},"modified":"2023-05-23T08:00:56","modified_gmt":"2023-05-23T08:00:56","slug":"flexibilidad-formacion-y-una-mayor-cobertura-social-claves-para-hacer-frente-al-desajuste-entre-oferta-y-demanda-en-el-mercado-laboral","status":"publish","type":"post","link":"https:\/\/987aldia.com\/web\/flexibilidad-formacion-y-una-mayor-cobertura-social-claves-para-hacer-frente-al-desajuste-entre-oferta-y-demanda-en-el-mercado-laboral\/","title":{"rendered":"Flexibilidad, formaci\u00f3n y una mayor cobertura social, claves para hacer frente al desajuste entre oferta y demanda en el mercado laboral"},"content":{"rendered":"\n<h2 class=\"wp-block-heading\"><strong>La Federaci\u00f3n Leonesa de Empresarios (FELE) ha celebrado de la mano de Fundaci\u00f3n CEOE, C\u00e1ritas y Adecco la jornada \u2018La gran paradoja del mercado laboral\u2019 en la que se ha presentado Emplea Lab, un\u00a0proyecto piloto de inclusi\u00f3n que busca\u00a0mejorar la empleabilidad\u00a0de colectivos vulnerables<\/strong>.<\/h2>\n\n\n\n<p>Conscientes de las dificultades que est\u00e1n atravesando muchas empresas para encontrar personal cualificado y, al mismo tiempo, las dificultades que tienen muchas personas para encontrar un puesto de trabajo, la Federaci\u00f3n Leonesa de Empresarios (FELE), Fundaci\u00f3n CEOE y C\u00e1ritas, con la colaboraci\u00f3n de Adecco, han organizado esta ma\u00f1ana la jornada \u2018La gran paradoja del mercado laboral\u201d en la que se ha analizado esta situaci\u00f3n.<\/p>\n\n\n\n<p>En la misma han participado el presidente de FELE, Juan M\u00aa Vallejo; el secretario general adjunto, Enrique Su\u00e1rez; el coordinador nacional de Emplea Lab, Miguel \u00c1ngel Garc\u00eda y la gerente de C\u00e1ritas en Le\u00f3n, M\u00aa Jes\u00fas \u00c1lvarez. Tambi\u00e9n ha contado con el director de The Adecco Group Institute, Javier Blasco, quien ha desgranado esa disrupci\u00f3n que vive el mercado laboral.<\/p>\n\n\n\n<p><br>Blasco ha se\u00f1alado que nuestro pa\u00eds tiene una actividad laboral \u201cclaramente estacional\u201d, una evoluci\u00f3n del empleo \u201cmuy marcada por los servicios y el sector de la hosteler\u00eda en concreto\u201d. Una situaci\u00f3n, ha defendido, que ha mejorado con la reforma laboral y gracias al uso responsable de la contrataci\u00f3n por parte de las empresas. Pese a ello, se est\u00e1 produciendo una disrupci\u00f3n el mercado a su vez \u201cpor ese nuevo marco normativo, que es encorsetado\u201d.<\/p>\n\n\n\n<p>Para Javier Blasco la clave para mejorar el mercado laboral radica en seguir ciertos modelos europeos que se caracterizan por \u201cun marco normativo poco intrusivo y una mayor flexibilidad tanto para empresas como para trabajadores. Adem\u00e1s, se destaca la importancia de contar con un modelo s\u00f3lido de cobertura social y de realizar un seguimiento y acompa\u00f1amiento de aquellos en situaci\u00f3n de desempleo, ofreci\u00e9ndoles opciones para su pronta reincorporaci\u00f3n al mercado laboral y promoviendo la rotaci\u00f3n\u201d.<\/p>\n\n\n\n<p>Asimismo, ha incidido en la necesidad de recualificaci\u00f3n laboral basada en digitalizaci\u00f3n y mejora de competencias digitales; en la importancia de aprovechar el talento interno y en la responsabilidad que han de asumir las empresas para ofrecer flexibilidad, un buen plan de carrera profesional y promover la salud laboral.<\/p>\n\n\n\n<figure class=\"wp-block-image size-full\"><img fetchpriority=\"high\" decoding=\"async\" width=\"800\" height=\"400\" src=\"https:\/\/987aldia.com\/web\/wp-content\/uploads\/2023\/05\/IMG_Jornada-La-paradoja-del-mercado-laboral-3.jpg\" alt=\"\" class=\"wp-image-1087\" srcset=\"https:\/\/987aldia.com\/web\/wp-content\/uploads\/2023\/05\/IMG_Jornada-La-paradoja-del-mercado-laboral-3.jpg 800w, https:\/\/987aldia.com\/web\/wp-content\/uploads\/2023\/05\/IMG_Jornada-La-paradoja-del-mercado-laboral-3-300x150.jpg 300w, https:\/\/987aldia.com\/web\/wp-content\/uploads\/2023\/05\/IMG_Jornada-La-paradoja-del-mercado-laboral-3-768x384.jpg 768w\" sizes=\"(max-width: 800px) 100vw, 800px\" \/><\/figure>\n\n\n\n<p><strong>Mejorar la empleabilidad trav\u00e9s de Emplea Lab<\/strong><\/p>\n\n\n\n<p>En el contexto de esta jornada y con el objetivo de buscar soluciones a la situaci\u00f3n que vive el mercado laboral ha sido presentado Emplea Lab, un proyecto de FELE, Fundaci\u00f3n CEOE y C\u00e1ritas que tiene como objetivo realizar un estudio del mercado en la provincia de Le\u00f3n para plantear soluciones tanto a la falta de personal como a la inserci\u00f3n de personas perceptoras del Ingreso M\u00ednimo Vital, mediante orientaci\u00f3n y una formaci\u00f3n adecuada. Un proyecto piloto en el que participan \u00fanicamente 11 provincias, entre ellas Le\u00f3n.&nbsp;<\/p>\n\n\n\n<p>En esta iniciativa, la Fundaci\u00f3n CEOE y C\u00e1ritas \u201cdesempe\u00f1an un papel fundamental, utilizando la capilaridad de las organizaciones territoriales, en este caso FELE, para actuar como intermediarios entre las empresas y los demandantes de empleo, identificando vacantes y promoviendo la colaboraci\u00f3n empresarial. Por tanto, es imprescindible la colaboraci\u00f3n de las empresas para facilitar esas vacantes y estar dispuestas a recibir a las personas recomendadas por C\u00e1ritas y la Fundaci\u00f3n CEOE para ocupar dichos puestos\u201d, ha explicado Miguel \u00c1ngel Garc\u00eda, coordinador nacional de Emplea Lab.<\/p>\n\n\n\n<p>Desde C\u00e1ritas, su gerente en Le\u00f3n M\u00aa Jes\u00fas \u00c1lvarez, ha destacado la importancia de la formaci\u00f3n en los procesos de inserci\u00f3n. \u201cHay que probar itinerarios de inserci\u00f3n novedosos que aporten un valor a\u00f1adido, acompa\u00f1ados de una atenci\u00f3n intensiva ah\u00ed C\u00e1ritas tiene su amplia experiencia. \u201cBuscamos identificar oportunidades en el mercado laboral para formar a las personas en funci\u00f3n de sus necesidades, garantizando que esta formaci\u00f3n sea beneficiosa para todos los involucrados.\u201d Juan M\u00aa Vallejo, presidente de FELE ha indicado que \u201cla participaci\u00f3n de nuestro tejido empresarial es fundamental en todos los procesos laborales. Es un orgullo y una responsabilidad poder desarrollar en Le\u00f3n este proyecto piloto.<\/p>\n\n\n\n<figure class=\"wp-block-image size-full\"><img decoding=\"async\" width=\"800\" height=\"400\" src=\"https:\/\/987aldia.com\/web\/wp-content\/uploads\/2023\/05\/IMG_Jornada-La-paradoja-del-mercado-laboral-2.jpg\" alt=\"\" class=\"wp-image-1088\" srcset=\"https:\/\/987aldia.com\/web\/wp-content\/uploads\/2023\/05\/IMG_Jornada-La-paradoja-del-mercado-laboral-2.jpg 800w, https:\/\/987aldia.com\/web\/wp-content\/uploads\/2023\/05\/IMG_Jornada-La-paradoja-del-mercado-laboral-2-300x150.jpg 300w, https:\/\/987aldia.com\/web\/wp-content\/uploads\/2023\/05\/IMG_Jornada-La-paradoja-del-mercado-laboral-2-768x384.jpg 768w\" sizes=\"(max-width: 800px) 100vw, 800px\" \/><\/figure>\n","protected":false},"excerpt":{"rendered":"<p>La Federaci\u00f3n Leonesa de Empresarios (FELE) ha celebrado de la mano de Fundaci\u00f3n CEOE, C\u00e1ritas y Adecco la jornada \u2018La gran paradoja del mercado laboral\u2019 en la que se ha presentado Emplea Lab, un\u00a0proyecto piloto de inclusi\u00f3n que busca\u00a0mejorar la empleabilidad\u00a0de colectivos vulnerables. Conscientes de las dificultades que est\u00e1n atravesando muchas empresas para encontrar personal [&hellip;]<\/p>\n","protected":false},"author":1,"featured_media":1086,"comment_status":"open","ping_status":"closed","sticky":false,"template":"","format":"standard","meta":{"_monsterinsights_skip_tracking":false,"_monsterinsights_sitenote_active":false,"_monsterinsights_sitenote_note":"","_monsterinsights_sitenote_category":0,"site-container-style":"default","site-container-layout":"default","site-sidebar-layout":"default","disable-article-header":"default","disable-site-header":"default","disable-site-footer":"default","disable-content-area-spacing":"default","_jetpack_memberships_contains_paid_content":false,"footnotes":"","jetpack_publicize_message":"","jetpack_publicize_feature_enabled":true,"jetpack_social_post_already_shared":false,"jetpack_social_options":{"image_generator_settings":{"template":"highway","default_image_id":0,"font":"","enabled":false},"version":2}},"categories":[7],"tags":[],"class_list":["post-1085","post","type-post","status-publish","format-standard","has-post-thumbnail","hentry","category-notas-de-prensa"],"jetpack_publicize_connections":[],"jetpack_featured_media_url":"https:\/\/987aldia.com\/web\/wp-content\/uploads\/2023\/05\/IMG_Jornada-La-paradoja-del-mercado-laboral-1.jpg","jetpack_sharing_enabled":true,"_links":{"self":[{"href":"https:\/\/987aldia.com\/web\/wp-json\/wp\/v2\/posts\/1085","targetHints":{"allow":["GET"]}}],"collection":[{"href":"https:\/\/987aldia.com\/web\/wp-json\/wp\/v2\/posts"}],"about":[{"href":"https:\/\/987aldia.com\/web\/wp-json\/wp\/v2\/types\/post"}],"author":[{"embeddable":true,"href":"https:\/\/987aldia.com\/web\/wp-json\/wp\/v2\/users\/1"}],"replies":[{"embeddable":true,"href":"https:\/\/987aldia.com\/web\/wp-json\/wp\/v2\/comments?post=1085"}],"version-history":[{"count":1,"href":"https:\/\/987aldia.com\/web\/wp-json\/wp\/v2\/posts\/1085\/revisions"}],"predecessor-version":[{"id":1089,"href":"https:\/\/987aldia.com\/web\/wp-json\/wp\/v2\/posts\/1085\/revisions\/1089"}],"wp:featuredmedia":[{"embeddable":true,"href":"https:\/\/987aldia.com\/web\/wp-json\/wp\/v2\/media\/1086"}],"wp:attachment":[{"href":"https:\/\/987aldia.com\/web\/wp-json\/wp\/v2\/media?parent=1085"}],"wp:term":[{"taxonomy":"category","embeddable":true,"href":"https:\/\/987aldia.com\/web\/wp-json\/wp\/v2\/categories?post=1085"},{"taxonomy":"post_tag","embeddable":true,"href":"https:\/\/987aldia.com\/web\/wp-json\/wp\/v2\/tags?post=1085"}],"curies":[{"name":"wp","href":"https:\/\/api.w.org\/{rel}","templated":true}]}}