{"id":10871,"date":"2025-11-17T11:05:45","date_gmt":"2025-11-17T10:05:45","guid":{"rendered":"https:\/\/987aldia.com\/web\/propietarios-de-fincas-en-desuso-se-unen-en-carracedelo-para-reforestar-con-chopos\/"},"modified":"2025-11-17T11:05:45","modified_gmt":"2025-11-17T10:05:45","slug":"propietarios-de-fincas-en-desuso-se-unen-en-carracedelo-para-reforestar-con-chopos","status":"publish","type":"post","link":"https:\/\/987aldia.com\/web\/propietarios-de-fincas-en-desuso-se-unen-en-carracedelo-para-reforestar-con-chopos\/","title":{"rendered":"Propietarios de fincas en desuso se unen en Carracedelo para reforestar con chopos"},"content":{"rendered":"<p>En un esfuerzo por revitalizar tierras abandonadas, el municipio de Carracedelo ha logrado reunir a 80 propietarios de fincas en desuso para llevar a cabo un ambicioso proyecto de reforestaci\u00f3n con chopos. Bajo la iniciativa del alcalde Ra\u00fal Valcarce, se ha logrado agrupar un total de 15 hect\u00e1reas de terreno, brindando a los participantes la oportunidad de dar un nuevo uso a sus propiedades y contribuir al cuidado del medio ambiente.<\/p>\n<p>Esta iniciativa no solo busca impulsar la actividad econ\u00f3mica en la zona, sino tambi\u00e9n fomentar la colaboraci\u00f3n entre vecinos y propietarios de terrenos, generando un impacto positivo en la comunidad. Seg\u00fan Valcarce, la plantaci\u00f3n de chopos no solo traer\u00e1 beneficios ambientales, sino que tambi\u00e9n permitir\u00e1 a los participantes obtener ingresos adicionales a trav\u00e9s de la venta de la madera en un futuro.<\/p>\n<p>Con este proyecto, Carracedelo demuestra una vez m\u00e1s su compromiso con la sostenibilidad y el desarrollo local, sentando un ejemplo inspirador para otras comunidades que buscan transformar terrenos en desuso en espacios productivos y respetuosos con el entorno.<\/p>\n","protected":false},"excerpt":{"rendered":"<p>En un esfuerzo por revitalizar tierras abandonadas, el municipio de Carracedelo ha logrado reunir a 80 propietarios de fincas en desuso para llevar a cabo un ambicioso proyecto de reforestaci\u00f3n con chopos. Bajo la iniciativa del alcalde Ra\u00fal Valcarce, se ha logrado agrupar un total de 15 hect\u00e1reas de terreno, brindando a los participantes la [&hellip;]<\/p>\n","protected":false},"author":1,"featured_media":10872,"comment_status":"open","ping_status":"closed","sticky":false,"template":"","format":"standard","meta":{"_monsterinsights_skip_tracking":false,"_monsterinsights_sitenote_active":false,"_monsterinsights_sitenote_note":"","_monsterinsights_sitenote_category":0,"site-container-style":"default","site-container-layout":"default","site-sidebar-layout":"default","disable-article-header":"default","disable-site-header":"default","disable-site-footer":"default","disable-content-area-spacing":"default","_jetpack_memberships_contains_paid_content":false,"footnotes":"","jetpack_publicize_message":"","jetpack_publicize_feature_enabled":true,"jetpack_social_post_already_shared":true,"jetpack_social_options":{"image_generator_settings":{"template":"highway","default_image_id":0,"font":"","enabled":false},"version":2}},"categories":[1],"tags":[],"class_list":["post-10871","post","type-post","status-publish","format-standard","has-post-thumbnail","hentry","category-uncategorized"],"jetpack_publicize_connections":[],"jetpack_featured_media_url":"https:\/\/987aldia.com\/web\/wp-content\/uploads\/2025\/11\/openai-image-1763373945.png","jetpack_sharing_enabled":true,"_links":{"self":[{"href":"https:\/\/987aldia.com\/web\/wp-json\/wp\/v2\/posts\/10871","targetHints":{"allow":["GET"]}}],"collection":[{"href":"https:\/\/987aldia.com\/web\/wp-json\/wp\/v2\/posts"}],"about":[{"href":"https:\/\/987aldia.com\/web\/wp-json\/wp\/v2\/types\/post"}],"author":[{"embeddable":true,"href":"https:\/\/987aldia.com\/web\/wp-json\/wp\/v2\/users\/1"}],"replies":[{"embeddable":true,"href":"https:\/\/987aldia.com\/web\/wp-json\/wp\/v2\/comments?post=10871"}],"version-history":[{"count":0,"href":"https:\/\/987aldia.com\/web\/wp-json\/wp\/v2\/posts\/10871\/revisions"}],"wp:featuredmedia":[{"embeddable":true,"href":"https:\/\/987aldia.com\/web\/wp-json\/wp\/v2\/media\/10872"}],"wp:attachment":[{"href":"https:\/\/987aldia.com\/web\/wp-json\/wp\/v2\/media?parent=10871"}],"wp:term":[{"taxonomy":"category","embeddable":true,"href":"https:\/\/987aldia.com\/web\/wp-json\/wp\/v2\/categories?post=10871"},{"taxonomy":"post_tag","embeddable":true,"href":"https:\/\/987aldia.com\/web\/wp-json\/wp\/v2\/tags?post=10871"}],"curies":[{"name":"wp","href":"https:\/\/api.w.org\/{rel}","templated":true}]}}