{"id":10875,"date":"2025-11-17T15:05:34","date_gmt":"2025-11-17T14:05:34","guid":{"rendered":"https:\/\/987aldia.com\/web\/ponferrada-ampliara-su-oferta-de-estacionamiento-con-un-nuevo-parking-subterraneo-en-el-mercado-de-abastos\/"},"modified":"2025-11-17T15:05:34","modified_gmt":"2025-11-17T14:05:34","slug":"ponferrada-ampliara-su-oferta-de-estacionamiento-con-un-nuevo-parking-subterraneo-en-el-mercado-de-abastos","status":"publish","type":"post","link":"https:\/\/987aldia.com\/web\/ponferrada-ampliara-su-oferta-de-estacionamiento-con-un-nuevo-parking-subterraneo-en-el-mercado-de-abastos\/","title":{"rendered":"Ponferrada ampliar\u00e1 su oferta de estacionamiento con un nuevo parking subterr\u00e1neo en el Mercado de Abastos."},"content":{"rendered":"<p>La ciudad de Ponferrada se prepara para una importante obra que dar\u00e1 respuesta a una demanda largamente esperada por comerciantes y clientes del Mercado de Abastos. Se ha anunciado la construcci\u00f3n de un parking subterr\u00e1neo con 82 plazas, marcando as\u00ed el inicio de la tan ansiada remodelaci\u00f3n del emblem\u00e1tico edificio. <\/p>\n<p>La iniciativa surge como soluci\u00f3n a la escasez de plazas de aparcamiento en el propio mercado y la limitada disponibilidad en los alrededores. Esta nueva infraestructura no solo facilitar\u00e1 el acceso a los visitantes, sino que tambi\u00e9n contribuir\u00e1 a dinamizar la actividad comercial en la zona, brindando una mayor comodidad a quienes acuden a realizar sus compras en este importante centro de abastecimiento.<\/p>\n<p>Con esta obra, Ponferrada apuesta por modernizar y revalorizar un espacio tradicional de la ciudad, adapt\u00e1ndolo a las necesidades actuales y mejorando la experiencia de todos aquellos que lo frecuentan. Sin duda, se trata de un paso significativo que marcar\u00e1 un antes y un despu\u00e9s en la historia del Mercado de Abastos y de la vida cotidiana de sus usuarios.<\/p>\n","protected":false},"excerpt":{"rendered":"<p>La ciudad de Ponferrada se prepara para una importante obra que dar\u00e1 respuesta a una demanda largamente esperada por comerciantes y clientes del Mercado de Abastos. Se ha anunciado la construcci\u00f3n de un parking subterr\u00e1neo con 82 plazas, marcando as\u00ed el inicio de la tan ansiada remodelaci\u00f3n del emblem\u00e1tico edificio. La iniciativa surge como soluci\u00f3n [&hellip;]<\/p>\n","protected":false},"author":1,"featured_media":10876,"comment_status":"open","ping_status":"closed","sticky":false,"template":"","format":"standard","meta":{"_monsterinsights_skip_tracking":false,"_monsterinsights_sitenote_active":false,"_monsterinsights_sitenote_note":"","_monsterinsights_sitenote_category":0,"site-container-style":"default","site-container-layout":"default","site-sidebar-layout":"default","disable-article-header":"default","disable-site-header":"default","disable-site-footer":"default","disable-content-area-spacing":"default","_jetpack_memberships_contains_paid_content":false,"footnotes":"","jetpack_publicize_message":"","jetpack_publicize_feature_enabled":true,"jetpack_social_post_already_shared":true,"jetpack_social_options":{"image_generator_settings":{"template":"highway","default_image_id":0,"font":"","enabled":false},"version":2}},"categories":[1],"tags":[],"class_list":["post-10875","post","type-post","status-publish","format-standard","has-post-thumbnail","hentry","category-uncategorized"],"jetpack_publicize_connections":[],"jetpack_featured_media_url":"https:\/\/987aldia.com\/web\/wp-content\/uploads\/2025\/11\/openai-image-1763388334.png","jetpack_sharing_enabled":true,"_links":{"self":[{"href":"https:\/\/987aldia.com\/web\/wp-json\/wp\/v2\/posts\/10875","targetHints":{"allow":["GET"]}}],"collection":[{"href":"https:\/\/987aldia.com\/web\/wp-json\/wp\/v2\/posts"}],"about":[{"href":"https:\/\/987aldia.com\/web\/wp-json\/wp\/v2\/types\/post"}],"author":[{"embeddable":true,"href":"https:\/\/987aldia.com\/web\/wp-json\/wp\/v2\/users\/1"}],"replies":[{"embeddable":true,"href":"https:\/\/987aldia.com\/web\/wp-json\/wp\/v2\/comments?post=10875"}],"version-history":[{"count":0,"href":"https:\/\/987aldia.com\/web\/wp-json\/wp\/v2\/posts\/10875\/revisions"}],"wp:featuredmedia":[{"embeddable":true,"href":"https:\/\/987aldia.com\/web\/wp-json\/wp\/v2\/media\/10876"}],"wp:attachment":[{"href":"https:\/\/987aldia.com\/web\/wp-json\/wp\/v2\/media?parent=10875"}],"wp:term":[{"taxonomy":"category","embeddable":true,"href":"https:\/\/987aldia.com\/web\/wp-json\/wp\/v2\/categories?post=10875"},{"taxonomy":"post_tag","embeddable":true,"href":"https:\/\/987aldia.com\/web\/wp-json\/wp\/v2\/tags?post=10875"}],"curies":[{"name":"wp","href":"https:\/\/api.w.org\/{rel}","templated":true}]}}