{"id":10887,"date":"2025-11-18T03:05:34","date_gmt":"2025-11-18T02:05:34","guid":{"rendered":"https:\/\/987aldia.com\/web\/encuentro-del-pp-leon-con-grupos-sociales-para-enriquecer-su-agenda-politica-con-nuevas-ideas\/"},"modified":"2025-11-18T03:05:34","modified_gmt":"2025-11-18T02:05:34","slug":"encuentro-del-pp-leon-con-grupos-sociales-para-enriquecer-su-agenda-politica-con-nuevas-ideas","status":"publish","type":"post","link":"https:\/\/987aldia.com\/web\/encuentro-del-pp-leon-con-grupos-sociales-para-enriquecer-su-agenda-politica-con-nuevas-ideas\/","title":{"rendered":"Encuentro del PP Le\u00f3n con grupos sociales para enriquecer su agenda pol\u00edtica con nuevas ideas."},"content":{"rendered":"<p>El Partido Popular de Le\u00f3n ha dado un paso importante al reunirse con diversos colectivos sociales con el objetivo de integrar sus propuestas en sus pol\u00edticas. En esta cita, se ha destacado la importancia de mejorar la financiaci\u00f3n de estos colectivos, as\u00ed como la necesidad de abordar con mayor atenci\u00f3n la problem\u00e1tica de la salud mental en la regi\u00f3n.<\/p>\n<p>Esta reuni\u00f3n evidencia la voluntad del PP de Le\u00f3n de escuchar las demandas y necesidades de la sociedad civil, buscando establecer un di\u00e1logo constructivo que permita trabajar de manera conjunta en la b\u00fasqueda de soluciones a los problemas que afectan a la comunidad. La inclusi\u00f3n de propuestas provenientes de los colectivos sociales en las pol\u00edticas del partido es un paso en la direcci\u00f3n correcta hacia una gesti\u00f3n m\u00e1s participativa y cercana a la ciudadan\u00eda.<\/p>\n<p>La atenci\u00f3n a la salud mental se ha convertido en un tema prioritario en la agenda pol\u00edtica, y es alentador ver que partidos como el PP de Le\u00f3n est\u00e1n dispuestos a abordar este desaf\u00edo de manera proactiva. La sensibilizaci\u00f3n y la acci\u00f3n en este \u00e1mbito son fundamentales para garantizar el bienestar de la poblaci\u00f3n y para construir una sociedad m\u00e1s justa y equitativa.<\/p>\n<p>Esperamos que esta reuni\u00f3n sea el inicio de un proceso de colaboraci\u00f3n fruct\u00edfero entre el Partido Popular de Le\u00f3n y los colectivos sociales, que se traduzca en pol\u00edticas p\u00fablicas efectivas y que contribuyan a mejorar la calidad de vida de todos los ciudadanos de la regi\u00f3n.<\/p>\n","protected":false},"excerpt":{"rendered":"<p>El Partido Popular de Le\u00f3n ha dado un paso importante al reunirse con diversos colectivos sociales con el objetivo de integrar sus propuestas en sus pol\u00edticas. En esta cita, se ha destacado la importancia de mejorar la financiaci\u00f3n de estos colectivos, as\u00ed como la necesidad de abordar con mayor atenci\u00f3n la problem\u00e1tica de la salud [&hellip;]<\/p>\n","protected":false},"author":1,"featured_media":10888,"comment_status":"open","ping_status":"closed","sticky":false,"template":"","format":"standard","meta":{"_monsterinsights_skip_tracking":false,"_monsterinsights_sitenote_active":false,"_monsterinsights_sitenote_note":"","_monsterinsights_sitenote_category":0,"site-container-style":"default","site-container-layout":"default","site-sidebar-layout":"default","disable-article-header":"default","disable-site-header":"default","disable-site-footer":"default","disable-content-area-spacing":"default","_jetpack_memberships_contains_paid_content":false,"footnotes":"","jetpack_publicize_message":"","jetpack_publicize_feature_enabled":true,"jetpack_social_post_already_shared":true,"jetpack_social_options":{"image_generator_settings":{"template":"highway","default_image_id":0,"font":"","enabled":false},"version":2}},"categories":[1],"tags":[],"class_list":["post-10887","post","type-post","status-publish","format-standard","has-post-thumbnail","hentry","category-uncategorized"],"jetpack_publicize_connections":[],"jetpack_featured_media_url":"https:\/\/987aldia.com\/web\/wp-content\/uploads\/2025\/11\/openai-image-1763431534.png","jetpack_sharing_enabled":true,"_links":{"self":[{"href":"https:\/\/987aldia.com\/web\/wp-json\/wp\/v2\/posts\/10887","targetHints":{"allow":["GET"]}}],"collection":[{"href":"https:\/\/987aldia.com\/web\/wp-json\/wp\/v2\/posts"}],"about":[{"href":"https:\/\/987aldia.com\/web\/wp-json\/wp\/v2\/types\/post"}],"author":[{"embeddable":true,"href":"https:\/\/987aldia.com\/web\/wp-json\/wp\/v2\/users\/1"}],"replies":[{"embeddable":true,"href":"https:\/\/987aldia.com\/web\/wp-json\/wp\/v2\/comments?post=10887"}],"version-history":[{"count":0,"href":"https:\/\/987aldia.com\/web\/wp-json\/wp\/v2\/posts\/10887\/revisions"}],"wp:featuredmedia":[{"embeddable":true,"href":"https:\/\/987aldia.com\/web\/wp-json\/wp\/v2\/media\/10888"}],"wp:attachment":[{"href":"https:\/\/987aldia.com\/web\/wp-json\/wp\/v2\/media?parent=10887"}],"wp:term":[{"taxonomy":"category","embeddable":true,"href":"https:\/\/987aldia.com\/web\/wp-json\/wp\/v2\/categories?post=10887"},{"taxonomy":"post_tag","embeddable":true,"href":"https:\/\/987aldia.com\/web\/wp-json\/wp\/v2\/tags?post=10887"}],"curies":[{"name":"wp","href":"https:\/\/api.w.org\/{rel}","templated":true}]}}