{"id":10889,"date":"2025-11-18T05:05:53","date_gmt":"2025-11-18T04:05:53","guid":{"rendered":"https:\/\/987aldia.com\/web\/manueco-insta-a-los-partidos-a-no-bloquear-los-presupuestos-mas-cuantiosos-de-la-historia\/"},"modified":"2025-11-18T05:05:53","modified_gmt":"2025-11-18T04:05:53","slug":"manueco-insta-a-los-partidos-a-no-bloquear-los-presupuestos-mas-cuantiosos-de-la-historia","status":"publish","type":"post","link":"https:\/\/987aldia.com\/web\/manueco-insta-a-los-partidos-a-no-bloquear-los-presupuestos-mas-cuantiosos-de-la-historia\/","title":{"rendered":"Ma\u00f1ueco insta a los partidos a no bloquear los Presupuestos m\u00e1s cuantiosos de la historia"},"content":{"rendered":"<p>El presidente de la Junta de Castilla y Le\u00f3n, Alfonso Fern\u00e1ndez Ma\u00f1ueco, ha instado a los diversos grupos parlamentarios a no bloquear los Presupuestos m\u00e1s elevados de la historia de la comunidad aut\u00f3noma. En un llamamiento dirigido a las formaciones pol\u00edticas presentes en las Cortes, Ma\u00f1ueco ha solicitado que retiren la enmienda a la totalidad al Presupuesto para el a\u00f1o 2026, argumentando que no existen razones justificadas para su rechazo.<\/p>\n<p>El mandatario regional ha propuesto en su lugar que se presenten enmiendas parciales al articulado, con el fin de poder estudiar detenidamente las propuestas de cada grupo y lograr avanzar en el proceso de negociaci\u00f3n. Esta petici\u00f3n busca evitar un estancamiento en la aprobaci\u00f3n de las cuentas p\u00fablicas, que son consideradas fundamentales para la gesti\u00f3n y el desarrollo de la regi\u00f3n.<\/p>\n<p>Con esta medida, Ma\u00f1ueco busca fomentar el di\u00e1logo y el consenso entre las fuerzas pol\u00edticas representadas en el parlamento auton\u00f3mico, en un contexto marcado por la necesidad de impulsar la recuperaci\u00f3n econ\u00f3mica y social tras los desaf\u00edos derivados de la pandemia de COVID-19. La decisi\u00f3n final sobre la aprobaci\u00f3n de los Presupuestos de Castilla y Le\u00f3n para el pr\u00f3ximo a\u00f1o depender\u00e1 ahora de la respuesta de los diferentes partidos y de su disposici\u00f3n a colaborar en la elaboraci\u00f3n de unas cuentas que respondan a las necesidades de la ciudadan\u00eda.<\/p>\n","protected":false},"excerpt":{"rendered":"<p>El presidente de la Junta de Castilla y Le\u00f3n, Alfonso Fern\u00e1ndez Ma\u00f1ueco, ha instado a los diversos grupos parlamentarios a no bloquear los Presupuestos m\u00e1s elevados de la historia de la comunidad aut\u00f3noma. En un llamamiento dirigido a las formaciones pol\u00edticas presentes en las Cortes, Ma\u00f1ueco ha solicitado que retiren la enmienda a la totalidad [&hellip;]<\/p>\n","protected":false},"author":1,"featured_media":10890,"comment_status":"open","ping_status":"closed","sticky":false,"template":"","format":"standard","meta":{"_monsterinsights_skip_tracking":false,"_monsterinsights_sitenote_active":false,"_monsterinsights_sitenote_note":"","_monsterinsights_sitenote_category":0,"site-container-style":"default","site-container-layout":"default","site-sidebar-layout":"default","disable-article-header":"default","disable-site-header":"default","disable-site-footer":"default","disable-content-area-spacing":"default","_jetpack_memberships_contains_paid_content":false,"footnotes":"","jetpack_publicize_message":"","jetpack_publicize_feature_enabled":true,"jetpack_social_post_already_shared":true,"jetpack_social_options":{"image_generator_settings":{"template":"highway","default_image_id":0,"font":"","enabled":false},"version":2}},"categories":[1],"tags":[],"class_list":["post-10889","post","type-post","status-publish","format-standard","has-post-thumbnail","hentry","category-uncategorized"],"jetpack_publicize_connections":[],"jetpack_featured_media_url":"https:\/\/987aldia.com\/web\/wp-content\/uploads\/2025\/11\/openai-image-1763438753.png","jetpack_sharing_enabled":true,"_links":{"self":[{"href":"https:\/\/987aldia.com\/web\/wp-json\/wp\/v2\/posts\/10889","targetHints":{"allow":["GET"]}}],"collection":[{"href":"https:\/\/987aldia.com\/web\/wp-json\/wp\/v2\/posts"}],"about":[{"href":"https:\/\/987aldia.com\/web\/wp-json\/wp\/v2\/types\/post"}],"author":[{"embeddable":true,"href":"https:\/\/987aldia.com\/web\/wp-json\/wp\/v2\/users\/1"}],"replies":[{"embeddable":true,"href":"https:\/\/987aldia.com\/web\/wp-json\/wp\/v2\/comments?post=10889"}],"version-history":[{"count":0,"href":"https:\/\/987aldia.com\/web\/wp-json\/wp\/v2\/posts\/10889\/revisions"}],"wp:featuredmedia":[{"embeddable":true,"href":"https:\/\/987aldia.com\/web\/wp-json\/wp\/v2\/media\/10890"}],"wp:attachment":[{"href":"https:\/\/987aldia.com\/web\/wp-json\/wp\/v2\/media?parent=10889"}],"wp:term":[{"taxonomy":"category","embeddable":true,"href":"https:\/\/987aldia.com\/web\/wp-json\/wp\/v2\/categories?post=10889"},{"taxonomy":"post_tag","embeddable":true,"href":"https:\/\/987aldia.com\/web\/wp-json\/wp\/v2\/tags?post=10889"}],"curies":[{"name":"wp","href":"https:\/\/api.w.org\/{rel}","templated":true}]}}