{"id":10899,"date":"2025-11-18T15:05:46","date_gmt":"2025-11-18T14:05:46","guid":{"rendered":"https:\/\/987aldia.com\/web\/la-junta-pide-al-gobierno-que-cumpla-con-mejoras-concretas-en-el-corredor-cantabrico-mediterraneo\/"},"modified":"2025-11-18T15:05:46","modified_gmt":"2025-11-18T14:05:46","slug":"la-junta-pide-al-gobierno-que-cumpla-con-mejoras-concretas-en-el-corredor-cantabrico-mediterraneo","status":"publish","type":"post","link":"https:\/\/987aldia.com\/web\/la-junta-pide-al-gobierno-que-cumpla-con-mejoras-concretas-en-el-corredor-cantabrico-mediterraneo\/","title":{"rendered":"La Junta pide al Gobierno que cumpla con mejoras concretas en el Corredor Cant\u00e1brico-Mediterr\u00e1neo"},"content":{"rendered":"<p>La Junta de Comunidades ha hecho un llamamiento urgente al Gobierno central para que se agilice la ejecuci\u00f3n de mejoras significativas en las infraestructuras del Corredor Cant\u00e1brico-Mediterr\u00e1neo. Esta importante v\u00eda de comunicaci\u00f3n, que atraviesa varias regiones de Espa\u00f1a, ha sido objeto de constantes promesas y palabras vac\u00edas, pero hasta el momento los avances concretos han sido escasos.<\/p>\n<p>Desde la Junta se destaca la importancia estrat\u00e9gica de este corredor para el desarrollo econ\u00f3mico de la zona, as\u00ed como para la conectividad y el transporte de mercanc\u00edas. Se hace hincapi\u00e9 en la necesidad de una inversi\u00f3n real y efectiva que permita modernizar y ampliar las infraestructuras existentes, agilizando as\u00ed los desplazamientos y fomentando la actividad comercial en la regi\u00f3n.<\/p>\n<p>Ante la creciente impaciencia de los habitantes y empresarios que dependen de esta ruta, la Junta exige al Gobierno que pase de las palabras a los hechos y que se comprometa de manera firme con el desarrollo del Corredor Cant\u00e1brico-Mediterr\u00e1neo. La falta de avances concretos en este sentido podr\u00eda tener graves repercusiones tanto a nivel econ\u00f3mico como social, por lo que es imperativo que se tomen medidas de manera inmediata para impulsar este importante proyecto de infraestructuras.<\/p>\n","protected":false},"excerpt":{"rendered":"<p>La Junta de Comunidades ha hecho un llamamiento urgente al Gobierno central para que se agilice la ejecuci\u00f3n de mejoras significativas en las infraestructuras del Corredor Cant\u00e1brico-Mediterr\u00e1neo. Esta importante v\u00eda de comunicaci\u00f3n, que atraviesa varias regiones de Espa\u00f1a, ha sido objeto de constantes promesas y palabras vac\u00edas, pero hasta el momento los avances concretos han [&hellip;]<\/p>\n","protected":false},"author":1,"featured_media":10900,"comment_status":"open","ping_status":"closed","sticky":false,"template":"","format":"standard","meta":{"_monsterinsights_skip_tracking":false,"_monsterinsights_sitenote_active":false,"_monsterinsights_sitenote_note":"","_monsterinsights_sitenote_category":0,"site-container-style":"default","site-container-layout":"default","site-sidebar-layout":"default","disable-article-header":"default","disable-site-header":"default","disable-site-footer":"default","disable-content-area-spacing":"default","_jetpack_memberships_contains_paid_content":false,"footnotes":"","jetpack_publicize_message":"","jetpack_publicize_feature_enabled":true,"jetpack_social_post_already_shared":true,"jetpack_social_options":{"image_generator_settings":{"template":"highway","default_image_id":0,"font":"","enabled":false},"version":2}},"categories":[1],"tags":[],"class_list":["post-10899","post","type-post","status-publish","format-standard","has-post-thumbnail","hentry","category-uncategorized"],"jetpack_publicize_connections":[],"jetpack_featured_media_url":"https:\/\/987aldia.com\/web\/wp-content\/uploads\/2025\/11\/openai-image-1763474746.png","jetpack_sharing_enabled":true,"_links":{"self":[{"href":"https:\/\/987aldia.com\/web\/wp-json\/wp\/v2\/posts\/10899","targetHints":{"allow":["GET"]}}],"collection":[{"href":"https:\/\/987aldia.com\/web\/wp-json\/wp\/v2\/posts"}],"about":[{"href":"https:\/\/987aldia.com\/web\/wp-json\/wp\/v2\/types\/post"}],"author":[{"embeddable":true,"href":"https:\/\/987aldia.com\/web\/wp-json\/wp\/v2\/users\/1"}],"replies":[{"embeddable":true,"href":"https:\/\/987aldia.com\/web\/wp-json\/wp\/v2\/comments?post=10899"}],"version-history":[{"count":0,"href":"https:\/\/987aldia.com\/web\/wp-json\/wp\/v2\/posts\/10899\/revisions"}],"wp:featuredmedia":[{"embeddable":true,"href":"https:\/\/987aldia.com\/web\/wp-json\/wp\/v2\/media\/10900"}],"wp:attachment":[{"href":"https:\/\/987aldia.com\/web\/wp-json\/wp\/v2\/media?parent=10899"}],"wp:term":[{"taxonomy":"category","embeddable":true,"href":"https:\/\/987aldia.com\/web\/wp-json\/wp\/v2\/categories?post=10899"},{"taxonomy":"post_tag","embeddable":true,"href":"https:\/\/987aldia.com\/web\/wp-json\/wp\/v2\/tags?post=10899"}],"curies":[{"name":"wp","href":"https:\/\/api.w.org\/{rel}","templated":true}]}}