{"id":10909,"date":"2025-11-19T01:06:00","date_gmt":"2025-11-19T00:06:00","guid":{"rendered":"https:\/\/987aldia.com\/web\/antonio-carasol-comparte-sus-emocionantes-experiencias-en-las-cumbres-mas-altas\/"},"modified":"2025-11-19T01:06:00","modified_gmt":"2025-11-19T00:06:00","slug":"antonio-carasol-comparte-sus-emocionantes-experiencias-en-las-cumbres-mas-altas","status":"publish","type":"post","link":"https:\/\/987aldia.com\/web\/antonio-carasol-comparte-sus-emocionantes-experiencias-en-las-cumbres-mas-altas\/","title":{"rendered":"Antonio Carasol comparte sus emocionantes experiencias en las cumbres m\u00e1s altas"},"content":{"rendered":"<p>El reconocido monta\u00f1ista Antonio Carasol cautiv\u00f3 a una audiencia \u00e1vida de emociones y experiencias extremas con su apasionante relato sobre sus aventuras en la alta monta\u00f1a. En una conferencia celebrada en Astorga, Carasol comparti\u00f3 con entusiasmo los desaf\u00edos y momentos de cumbre que ha vivido en algunos de los picos m\u00e1s imponentes del mundo.<\/p>\n<p>Con una mezcla de valent\u00eda, determinaci\u00f3n y pasi\u00f3n por la naturaleza, el aventurero narr\u00f3 con detalle sus haza\u00f1as en entornos inh\u00f3spitos y condiciones clim\u00e1ticas extremas. Los asistentes se vieron envueltos en un ambiente de emoci\u00f3n y asombro al escuchar las vivencias de Carasol, que demostr\u00f3 una vez m\u00e1s su destreza y valent\u00eda en la monta\u00f1a.<\/p>\n<p>La conferencia de Antonio Carasol en Astorga fue todo un \u00e9xito, dejando a la audiencia con la sensaci\u00f3n de haber vivido una experiencia \u00fanica y enriquecedora. Sin duda, la pasi\u00f3n y el esp\u00edritu aventurero de este monta\u00f1ista contin\u00faan inspirando a aquellos que buscan desafiar sus l\u00edmites y explorar los rincones m\u00e1s salvajes de nuestro planeta.<\/p>\n","protected":false},"excerpt":{"rendered":"<p>El reconocido monta\u00f1ista Antonio Carasol cautiv\u00f3 a una audiencia \u00e1vida de emociones y experiencias extremas con su apasionante relato sobre sus aventuras en la alta monta\u00f1a. En una conferencia celebrada en Astorga, Carasol comparti\u00f3 con entusiasmo los desaf\u00edos y momentos de cumbre que ha vivido en algunos de los picos m\u00e1s imponentes del mundo. Con [&hellip;]<\/p>\n","protected":false},"author":1,"featured_media":10910,"comment_status":"open","ping_status":"closed","sticky":false,"template":"","format":"standard","meta":{"_monsterinsights_skip_tracking":false,"_monsterinsights_sitenote_active":false,"_monsterinsights_sitenote_note":"","_monsterinsights_sitenote_category":0,"site-container-style":"default","site-container-layout":"default","site-sidebar-layout":"default","disable-article-header":"default","disable-site-header":"default","disable-site-footer":"default","disable-content-area-spacing":"default","_jetpack_memberships_contains_paid_content":false,"footnotes":"","jetpack_publicize_message":"","jetpack_publicize_feature_enabled":true,"jetpack_social_post_already_shared":true,"jetpack_social_options":{"image_generator_settings":{"template":"highway","default_image_id":0,"font":"","enabled":false},"version":2}},"categories":[1],"tags":[],"class_list":["post-10909","post","type-post","status-publish","format-standard","has-post-thumbnail","hentry","category-uncategorized"],"jetpack_publicize_connections":[],"jetpack_featured_media_url":"https:\/\/987aldia.com\/web\/wp-content\/uploads\/2025\/11\/openai-image-1763510760.png","jetpack_sharing_enabled":true,"_links":{"self":[{"href":"https:\/\/987aldia.com\/web\/wp-json\/wp\/v2\/posts\/10909","targetHints":{"allow":["GET"]}}],"collection":[{"href":"https:\/\/987aldia.com\/web\/wp-json\/wp\/v2\/posts"}],"about":[{"href":"https:\/\/987aldia.com\/web\/wp-json\/wp\/v2\/types\/post"}],"author":[{"embeddable":true,"href":"https:\/\/987aldia.com\/web\/wp-json\/wp\/v2\/users\/1"}],"replies":[{"embeddable":true,"href":"https:\/\/987aldia.com\/web\/wp-json\/wp\/v2\/comments?post=10909"}],"version-history":[{"count":0,"href":"https:\/\/987aldia.com\/web\/wp-json\/wp\/v2\/posts\/10909\/revisions"}],"wp:featuredmedia":[{"embeddable":true,"href":"https:\/\/987aldia.com\/web\/wp-json\/wp\/v2\/media\/10910"}],"wp:attachment":[{"href":"https:\/\/987aldia.com\/web\/wp-json\/wp\/v2\/media?parent=10909"}],"wp:term":[{"taxonomy":"category","embeddable":true,"href":"https:\/\/987aldia.com\/web\/wp-json\/wp\/v2\/categories?post=10909"},{"taxonomy":"post_tag","embeddable":true,"href":"https:\/\/987aldia.com\/web\/wp-json\/wp\/v2\/tags?post=10909"}],"curies":[{"name":"wp","href":"https:\/\/api.w.org\/{rel}","templated":true}]}}