{"id":10913,"date":"2025-11-19T05:05:18","date_gmt":"2025-11-19T04:05:18","guid":{"rendered":"https:\/\/987aldia.com\/web\/libres-de-culpa-los-imputados-por-la-tragedia-de-los-mineros-en-el-pozo-emilio-del-valle-en-2013\/"},"modified":"2025-11-19T05:05:18","modified_gmt":"2025-11-19T04:05:18","slug":"libres-de-culpa-los-imputados-por-la-tragedia-de-los-mineros-en-el-pozo-emilio-del-valle-en-2013","status":"publish","type":"post","link":"https:\/\/987aldia.com\/web\/libres-de-culpa-los-imputados-por-la-tragedia-de-los-mineros-en-el-pozo-emilio-del-valle-en-2013\/","title":{"rendered":"Libres de culpa los imputados por la tragedia de los mineros en el Pozo Emilio del Valle en 2013"},"content":{"rendered":"<p>En un fallo que ha causado controversia, los acusados por la tr\u00e1gica muerte de seis mineros en el Pozo Emilio del Valle en 2013 han sido absueltos. La jueza a cargo del caso ha determinado que el fatal accidente fue imprevisible y que la empresa minera Vasco hab\u00eda implementado todas las medidas de seguridad necesarias.<\/p>\n<p>Esta decisi\u00f3n ha generado reacciones encontradas entre los familiares de las v\u00edctimas y la opini\u00f3n p\u00fablica en general. Mientras algunos consideran que se ha hecho justicia al determinar que no hubo responsabilidad directa por parte de los acusados, otros cuestionan si se ha investigado a fondo y se han considerado todos los elementos que pudieron haber contribuido al tr\u00e1gico suceso.<\/p>\n<p>La absoluci\u00f3n de los acusados pone fin a un largo proceso judicial que ha mantenido en vilo a la comunidad minera y a la sociedad en general. Las familias de las v\u00edctimas han expresado su decepci\u00f3n y su deseo de que se esclarezcan completamente las circunstancias que rodearon la muerte de sus seres queridos.<\/p>\n<p>Este caso deja en evidencia la importancia de la seguridad en el trabajo y la necesidad de una vigilancia constante para prevenir tragedias como la ocurrida en el Pozo Emilio del Valle en 2013.<\/p>\n","protected":false},"excerpt":{"rendered":"<p>En un fallo que ha causado controversia, los acusados por la tr\u00e1gica muerte de seis mineros en el Pozo Emilio del Valle en 2013 han sido absueltos. La jueza a cargo del caso ha determinado que el fatal accidente fue imprevisible y que la empresa minera Vasco hab\u00eda implementado todas las medidas de seguridad necesarias. [&hellip;]<\/p>\n","protected":false},"author":1,"featured_media":0,"comment_status":"open","ping_status":"closed","sticky":false,"template":"","format":"standard","meta":{"_monsterinsights_skip_tracking":false,"_monsterinsights_sitenote_active":false,"_monsterinsights_sitenote_note":"","_monsterinsights_sitenote_category":0,"site-container-style":"default","site-container-layout":"default","site-sidebar-layout":"default","disable-article-header":"default","disable-site-header":"default","disable-site-footer":"default","disable-content-area-spacing":"default","_jetpack_memberships_contains_paid_content":false,"footnotes":"","jetpack_publicize_message":"","jetpack_publicize_feature_enabled":true,"jetpack_social_post_already_shared":true,"jetpack_social_options":{"image_generator_settings":{"template":"highway","default_image_id":0,"font":"","enabled":false},"version":2}},"categories":[1],"tags":[],"class_list":["post-10913","post","type-post","status-publish","format-standard","hentry","category-uncategorized"],"jetpack_publicize_connections":[],"jetpack_featured_media_url":"","jetpack_sharing_enabled":true,"_links":{"self":[{"href":"https:\/\/987aldia.com\/web\/wp-json\/wp\/v2\/posts\/10913","targetHints":{"allow":["GET"]}}],"collection":[{"href":"https:\/\/987aldia.com\/web\/wp-json\/wp\/v2\/posts"}],"about":[{"href":"https:\/\/987aldia.com\/web\/wp-json\/wp\/v2\/types\/post"}],"author":[{"embeddable":true,"href":"https:\/\/987aldia.com\/web\/wp-json\/wp\/v2\/users\/1"}],"replies":[{"embeddable":true,"href":"https:\/\/987aldia.com\/web\/wp-json\/wp\/v2\/comments?post=10913"}],"version-history":[{"count":0,"href":"https:\/\/987aldia.com\/web\/wp-json\/wp\/v2\/posts\/10913\/revisions"}],"wp:attachment":[{"href":"https:\/\/987aldia.com\/web\/wp-json\/wp\/v2\/media?parent=10913"}],"wp:term":[{"taxonomy":"category","embeddable":true,"href":"https:\/\/987aldia.com\/web\/wp-json\/wp\/v2\/categories?post=10913"},{"taxonomy":"post_tag","embeddable":true,"href":"https:\/\/987aldia.com\/web\/wp-json\/wp\/v2\/tags?post=10913"}],"curies":[{"name":"wp","href":"https:\/\/api.w.org\/{rel}","templated":true}]}}