{"id":10914,"date":"2025-11-19T07:05:29","date_gmt":"2025-11-19T06:05:29","guid":{"rendered":"https:\/\/987aldia.com\/web\/la-banda-de-cistierna-rinde-emotivo-tributo-a-argimiro-reyero-en-concierto-inolvidable\/"},"modified":"2025-11-19T07:05:29","modified_gmt":"2025-11-19T06:05:29","slug":"la-banda-de-cistierna-rinde-emotivo-tributo-a-argimiro-reyero-en-concierto-inolvidable","status":"publish","type":"post","link":"https:\/\/987aldia.com\/web\/la-banda-de-cistierna-rinde-emotivo-tributo-a-argimiro-reyero-en-concierto-inolvidable\/","title":{"rendered":"La banda de Cistierna rinde emotivo tributo a Argimiro Reyero en concierto inolvidable"},"content":{"rendered":"<p>La m\u00fasica fue la protagonista en Cistierna durante un emotivo concierto en homenaje a Argimiro Reyero, reconocido m\u00fasico y director de la banda local. Con una atm\u00f3sfera cargada de nostalgia y agradecimiento, los miembros de la banda interpretaron algunas de las piezas favoritas de Reyero, quien falleci\u00f3 recientemente.<\/p>\n<p>La comunidad cisternense se uni\u00f3 en este acto de despedida para recordar la pasi\u00f3n y dedicaci\u00f3n que Argimiro Reyero demostr\u00f3 a lo largo de los a\u00f1os por la m\u00fasica y por su pueblo. Las notas musicales resonaron en el aire, llevando consuelo a aquellos que compartieron momentos inolvidables con el maestro.<\/p>\n<p>El legado de Reyero perdurar\u00e1 en cada melod\u00eda interpretada por la banda, recordando su influencia y contribuci\u00f3n al \u00e1mbito musical local. El concierto p\u00f3stumo fue un tributo merecido a un hombre cuyo amor por la m\u00fasica trascendi\u00f3 fronteras y generaciones, dejando una huella imborrable en el coraz\u00f3n de los cisternenses.<\/p>\n","protected":false},"excerpt":{"rendered":"<p>La m\u00fasica fue la protagonista en Cistierna durante un emotivo concierto en homenaje a Argimiro Reyero, reconocido m\u00fasico y director de la banda local. Con una atm\u00f3sfera cargada de nostalgia y agradecimiento, los miembros de la banda interpretaron algunas de las piezas favoritas de Reyero, quien falleci\u00f3 recientemente. La comunidad cisternense se uni\u00f3 en este [&hellip;]<\/p>\n","protected":false},"author":1,"featured_media":10915,"comment_status":"open","ping_status":"closed","sticky":false,"template":"","format":"standard","meta":{"_monsterinsights_skip_tracking":false,"_monsterinsights_sitenote_active":false,"_monsterinsights_sitenote_note":"","_monsterinsights_sitenote_category":0,"site-container-style":"default","site-container-layout":"default","site-sidebar-layout":"default","disable-article-header":"default","disable-site-header":"default","disable-site-footer":"default","disable-content-area-spacing":"default","_jetpack_memberships_contains_paid_content":false,"footnotes":"","jetpack_publicize_message":"","jetpack_publicize_feature_enabled":true,"jetpack_social_post_already_shared":true,"jetpack_social_options":{"image_generator_settings":{"template":"highway","default_image_id":0,"font":"","enabled":false},"version":2}},"categories":[1],"tags":[],"class_list":["post-10914","post","type-post","status-publish","format-standard","has-post-thumbnail","hentry","category-uncategorized"],"jetpack_publicize_connections":[],"jetpack_featured_media_url":"https:\/\/987aldia.com\/web\/wp-content\/uploads\/2025\/11\/openai-image-1763532329.png","jetpack_sharing_enabled":true,"_links":{"self":[{"href":"https:\/\/987aldia.com\/web\/wp-json\/wp\/v2\/posts\/10914","targetHints":{"allow":["GET"]}}],"collection":[{"href":"https:\/\/987aldia.com\/web\/wp-json\/wp\/v2\/posts"}],"about":[{"href":"https:\/\/987aldia.com\/web\/wp-json\/wp\/v2\/types\/post"}],"author":[{"embeddable":true,"href":"https:\/\/987aldia.com\/web\/wp-json\/wp\/v2\/users\/1"}],"replies":[{"embeddable":true,"href":"https:\/\/987aldia.com\/web\/wp-json\/wp\/v2\/comments?post=10914"}],"version-history":[{"count":0,"href":"https:\/\/987aldia.com\/web\/wp-json\/wp\/v2\/posts\/10914\/revisions"}],"wp:featuredmedia":[{"embeddable":true,"href":"https:\/\/987aldia.com\/web\/wp-json\/wp\/v2\/media\/10915"}],"wp:attachment":[{"href":"https:\/\/987aldia.com\/web\/wp-json\/wp\/v2\/media?parent=10914"}],"wp:term":[{"taxonomy":"category","embeddable":true,"href":"https:\/\/987aldia.com\/web\/wp-json\/wp\/v2\/categories?post=10914"},{"taxonomy":"post_tag","embeddable":true,"href":"https:\/\/987aldia.com\/web\/wp-json\/wp\/v2\/tags?post=10914"}],"curies":[{"name":"wp","href":"https:\/\/api.w.org\/{rel}","templated":true}]}}