{"id":10916,"date":"2025-11-19T09:05:36","date_gmt":"2025-11-19T08:05:36","guid":{"rendered":"https:\/\/987aldia.com\/web\/almanza-celebra-con-luces-y-alegria-su-encendido-de-navidad-este-sabado\/"},"modified":"2025-11-19T09:05:36","modified_gmt":"2025-11-19T08:05:36","slug":"almanza-celebra-con-luces-y-alegria-su-encendido-de-navidad-este-sabado","status":"publish","type":"post","link":"https:\/\/987aldia.com\/web\/almanza-celebra-con-luces-y-alegria-su-encendido-de-navidad-este-sabado\/","title":{"rendered":"Almanza celebra con luces y alegr\u00eda su encendido de Navidad este s\u00e1bado."},"content":{"rendered":"<p>La localidad de Almanza se visti\u00f3 de luces y color este s\u00e1bado para dar inicio a las celebraciones navide\u00f1as con su tradicional encendido. Vecinos y visitantes se congregaron en la plaza principal para disfrutar de un espect\u00e1culo lleno de magia y alegr\u00eda, donde las calles se iluminaron con hermosas decoraciones y el esp\u00edritu festivo invadi\u00f3 cada rinc\u00f3n del pueblo.<\/p>\n<p>El evento cont\u00f3 con la participaci\u00f3n de artistas locales, quienes deleitaron al p\u00fablico con villancicos y presentaciones musicales que emocionaron a grandes y chicos por igual. Los ni\u00f1os fueron los m\u00e1s entusiasmados al ver encenderse el \u00e1rbol de Navidad gigante, marcando as\u00ed el inicio de la cuenta regresiva para la llegada de la Nochebuena.<\/p>\n<p>Familias completas se unieron en esta celebraci\u00f3n, compartiendo momentos de felicidad y uni\u00f3n en medio de un a\u00f1o marcado por desaf\u00edos y dificultades. El encendido de Navidad en Almanza se convirti\u00f3 en un b\u00e1lsamo de esperanza y optimismo, recordando a todos que la magia de la Navidad est\u00e1 presente, incluso en los tiempos m\u00e1s dif\u00edciles.<\/p>\n<p>Con este gesto lleno de simbolismo, Almanza demostr\u00f3 una vez m\u00e1s su esp\u00edritu comunitario y su capacidad para mantener vivas las tradiciones que unen a sus habitantes en torno a la celebraci\u00f3n de la Navidad. El brillo de las luces y la alegr\u00eda en los rostros de quienes asistieron al encendido son un reflejo de la calidez y solidaridad que caracterizan a esta encantadora localidad. \u00a1Que la magia de la Navidad ilumine a Almanza y a todos sus habitantes en estas fiestas!<\/p>\n","protected":false},"excerpt":{"rendered":"<p>La localidad de Almanza se visti\u00f3 de luces y color este s\u00e1bado para dar inicio a las celebraciones navide\u00f1as con su tradicional encendido. Vecinos y visitantes se congregaron en la plaza principal para disfrutar de un espect\u00e1culo lleno de magia y alegr\u00eda, donde las calles se iluminaron con hermosas decoraciones y el esp\u00edritu festivo invadi\u00f3 [&hellip;]<\/p>\n","protected":false},"author":1,"featured_media":10917,"comment_status":"open","ping_status":"closed","sticky":false,"template":"","format":"standard","meta":{"_monsterinsights_skip_tracking":false,"_monsterinsights_sitenote_active":false,"_monsterinsights_sitenote_note":"","_monsterinsights_sitenote_category":0,"site-container-style":"default","site-container-layout":"default","site-sidebar-layout":"default","disable-article-header":"default","disable-site-header":"default","disable-site-footer":"default","disable-content-area-spacing":"default","_jetpack_memberships_contains_paid_content":false,"footnotes":"","jetpack_publicize_message":"","jetpack_publicize_feature_enabled":true,"jetpack_social_post_already_shared":true,"jetpack_social_options":{"image_generator_settings":{"template":"highway","default_image_id":0,"font":"","enabled":false},"version":2}},"categories":[1],"tags":[],"class_list":["post-10916","post","type-post","status-publish","format-standard","has-post-thumbnail","hentry","category-uncategorized"],"jetpack_publicize_connections":[],"jetpack_featured_media_url":"https:\/\/987aldia.com\/web\/wp-content\/uploads\/2025\/11\/openai-image-1763539536.png","jetpack_sharing_enabled":true,"_links":{"self":[{"href":"https:\/\/987aldia.com\/web\/wp-json\/wp\/v2\/posts\/10916","targetHints":{"allow":["GET"]}}],"collection":[{"href":"https:\/\/987aldia.com\/web\/wp-json\/wp\/v2\/posts"}],"about":[{"href":"https:\/\/987aldia.com\/web\/wp-json\/wp\/v2\/types\/post"}],"author":[{"embeddable":true,"href":"https:\/\/987aldia.com\/web\/wp-json\/wp\/v2\/users\/1"}],"replies":[{"embeddable":true,"href":"https:\/\/987aldia.com\/web\/wp-json\/wp\/v2\/comments?post=10916"}],"version-history":[{"count":0,"href":"https:\/\/987aldia.com\/web\/wp-json\/wp\/v2\/posts\/10916\/revisions"}],"wp:featuredmedia":[{"embeddable":true,"href":"https:\/\/987aldia.com\/web\/wp-json\/wp\/v2\/media\/10917"}],"wp:attachment":[{"href":"https:\/\/987aldia.com\/web\/wp-json\/wp\/v2\/media?parent=10916"}],"wp:term":[{"taxonomy":"category","embeddable":true,"href":"https:\/\/987aldia.com\/web\/wp-json\/wp\/v2\/categories?post=10916"},{"taxonomy":"post_tag","embeddable":true,"href":"https:\/\/987aldia.com\/web\/wp-json\/wp\/v2\/tags?post=10916"}],"curies":[{"name":"wp","href":"https:\/\/api.w.org\/{rel}","templated":true}]}}