{"id":10926,"date":"2025-11-19T19:06:10","date_gmt":"2025-11-19T18:06:10","guid":{"rendered":"https:\/\/987aldia.com\/web\/upl-pide-que-el-tren-llegue-al-centro-de-leon-y-rechaza-los-autobuses-electricos-de-feve\/"},"modified":"2025-11-19T19:06:10","modified_gmt":"2025-11-19T18:06:10","slug":"upl-pide-que-el-tren-llegue-al-centro-de-leon-y-rechaza-los-autobuses-electricos-de-feve","status":"publish","type":"post","link":"https:\/\/987aldia.com\/web\/upl-pide-que-el-tren-llegue-al-centro-de-leon-y-rechaza-los-autobuses-electricos-de-feve\/","title":{"rendered":"UPL pide que el tren llegue al centro de Le\u00f3n y rechaza los autobuses el\u00e9ctricos de FEVE"},"content":{"rendered":"<p>En un nuevo episodio de tensiones pol\u00edticas en la provincia de Le\u00f3n, la Uni\u00f3n del Pueblo Leon\u00e9s (UPL) ha manifestado su rotundo rechazo al uso de autobuses el\u00e9ctricos de FEVE y ha exigido que el tren llegue directamente al centro de la ciudad. El vicesecretario general de la formaci\u00f3n leonesista, Luis Mariano Santos, ha criticado los criterios de sostenibilidad econ\u00f3mica del Gobierno, argumentando que la prioridad deber\u00eda ser la sostenibilidad social y la vertebraci\u00f3n de la provincia.<\/p>\n<p>Santos ha defendido con firmeza la necesidad de que el tren llegue a la capital leonesa, resaltando la importancia de esta conexi\u00f3n para el desarrollo y la cohesi\u00f3n social en la regi\u00f3n. En este sentido, ha instado a las autoridades a reconsiderar sus decisiones y priorizar el bienestar de los ciudadanos por encima de otros intereses.<\/p>\n<p>Esta postura de la UPL ha generado un intenso debate en la opini\u00f3n p\u00fablica, con diferentes sectores expresando sus opiniones a favor y en contra de las demandas de la formaci\u00f3n pol\u00edtica. Mientras tanto, queda pendiente la resoluci\u00f3n de este conflicto que evidencia las divergencias en torno a las pol\u00edticas de transporte y desarrollo regional en la provincia de Le\u00f3n.<\/p>\n","protected":false},"excerpt":{"rendered":"<p>En un nuevo episodio de tensiones pol\u00edticas en la provincia de Le\u00f3n, la Uni\u00f3n del Pueblo Leon\u00e9s (UPL) ha manifestado su rotundo rechazo al uso de autobuses el\u00e9ctricos de FEVE y ha exigido que el tren llegue directamente al centro de la ciudad. El vicesecretario general de la formaci\u00f3n leonesista, Luis Mariano Santos, ha criticado [&hellip;]<\/p>\n","protected":false},"author":1,"featured_media":10927,"comment_status":"open","ping_status":"closed","sticky":false,"template":"","format":"standard","meta":{"_monsterinsights_skip_tracking":false,"_monsterinsights_sitenote_active":false,"_monsterinsights_sitenote_note":"","_monsterinsights_sitenote_category":0,"site-container-style":"default","site-container-layout":"default","site-sidebar-layout":"default","disable-article-header":"default","disable-site-header":"default","disable-site-footer":"default","disable-content-area-spacing":"default","_jetpack_memberships_contains_paid_content":false,"footnotes":"","jetpack_publicize_message":"","jetpack_publicize_feature_enabled":true,"jetpack_social_post_already_shared":true,"jetpack_social_options":{"image_generator_settings":{"template":"highway","default_image_id":0,"font":"","enabled":false},"version":2}},"categories":[1],"tags":[],"class_list":["post-10926","post","type-post","status-publish","format-standard","has-post-thumbnail","hentry","category-uncategorized"],"jetpack_publicize_connections":[],"jetpack_featured_media_url":"https:\/\/987aldia.com\/web\/wp-content\/uploads\/2025\/11\/openai-image-1763575570.png","jetpack_sharing_enabled":true,"_links":{"self":[{"href":"https:\/\/987aldia.com\/web\/wp-json\/wp\/v2\/posts\/10926","targetHints":{"allow":["GET"]}}],"collection":[{"href":"https:\/\/987aldia.com\/web\/wp-json\/wp\/v2\/posts"}],"about":[{"href":"https:\/\/987aldia.com\/web\/wp-json\/wp\/v2\/types\/post"}],"author":[{"embeddable":true,"href":"https:\/\/987aldia.com\/web\/wp-json\/wp\/v2\/users\/1"}],"replies":[{"embeddable":true,"href":"https:\/\/987aldia.com\/web\/wp-json\/wp\/v2\/comments?post=10926"}],"version-history":[{"count":0,"href":"https:\/\/987aldia.com\/web\/wp-json\/wp\/v2\/posts\/10926\/revisions"}],"wp:featuredmedia":[{"embeddable":true,"href":"https:\/\/987aldia.com\/web\/wp-json\/wp\/v2\/media\/10927"}],"wp:attachment":[{"href":"https:\/\/987aldia.com\/web\/wp-json\/wp\/v2\/media?parent=10926"}],"wp:term":[{"taxonomy":"category","embeddable":true,"href":"https:\/\/987aldia.com\/web\/wp-json\/wp\/v2\/categories?post=10926"},{"taxonomy":"post_tag","embeddable":true,"href":"https:\/\/987aldia.com\/web\/wp-json\/wp\/v2\/tags?post=10926"}],"curies":[{"name":"wp","href":"https:\/\/api.w.org\/{rel}","templated":true}]}}