{"id":10936,"date":"2025-11-20T05:05:41","date_gmt":"2025-11-20T04:05:41","guid":{"rendered":"https:\/\/987aldia.com\/web\/santano-reafirma-en-leon-su-rol-como-liquidador-de-proyectos-ferroviarios\/"},"modified":"2025-11-20T05:05:41","modified_gmt":"2025-11-20T04:05:41","slug":"santano-reafirma-en-leon-su-rol-como-liquidador-de-proyectos-ferroviarios","status":"publish","type":"post","link":"https:\/\/987aldia.com\/web\/santano-reafirma-en-leon-su-rol-como-liquidador-de-proyectos-ferroviarios\/","title":{"rendered":"Santano reafirma en Le\u00f3n su rol como \u00abliquidador\u00bb de proyectos ferroviarios"},"content":{"rendered":"<p>En un giro inesperado, el alcalde de Le\u00f3n, Jos\u00e9 Antonio Santano, ha certificado su rol como \u00abliquidador\u00bb de las promesas ferroviarias en la regi\u00f3n. Durante su visita a la ciudad, el segundo de Puente ha negado categ\u00f3ricamente la posibilidad de soterrar la estaci\u00f3n de San Andr\u00e9s, generando controversia entre los habitantes locales.<\/p>\n<p>Por si fuera poco, la empresa Feve ha rechazado la idea de extender sus servicios hasta Matallana, dejando en el aire el futuro de la conexi\u00f3n ferroviaria en la zona. Ante esta situaci\u00f3n, el Ministerio ha propuesto una soluci\u00f3n poco convencional: en lugar de utilizar trenes, se impulsar\u00e1 un servicio rodado mediante un autob\u00fas el\u00e9ctrico.<\/p>\n<p>Esta decisi\u00f3n ha generado opiniones encontradas entre los ciudadanos, quienes ven con escepticismo esta alternativa al transporte ferroviario. Mientras tanto, Santano se consolida como una figura clave en el panorama pol\u00edtico regional, tomando decisiones que marcar\u00e1n el futuro de la infraestructura de transporte en Le\u00f3n.<\/p>\n","protected":false},"excerpt":{"rendered":"<p>En un giro inesperado, el alcalde de Le\u00f3n, Jos\u00e9 Antonio Santano, ha certificado su rol como \u00abliquidador\u00bb de las promesas ferroviarias en la regi\u00f3n. Durante su visita a la ciudad, el segundo de Puente ha negado categ\u00f3ricamente la posibilidad de soterrar la estaci\u00f3n de San Andr\u00e9s, generando controversia entre los habitantes locales. Por si fuera [&hellip;]<\/p>\n","protected":false},"author":1,"featured_media":10937,"comment_status":"open","ping_status":"closed","sticky":false,"template":"","format":"standard","meta":{"_monsterinsights_skip_tracking":false,"_monsterinsights_sitenote_active":false,"_monsterinsights_sitenote_note":"","_monsterinsights_sitenote_category":0,"site-container-style":"default","site-container-layout":"default","site-sidebar-layout":"default","disable-article-header":"default","disable-site-header":"default","disable-site-footer":"default","disable-content-area-spacing":"default","_jetpack_memberships_contains_paid_content":false,"footnotes":"","jetpack_publicize_message":"","jetpack_publicize_feature_enabled":true,"jetpack_social_post_already_shared":true,"jetpack_social_options":{"image_generator_settings":{"template":"highway","default_image_id":0,"font":"","enabled":false},"version":2}},"categories":[1],"tags":[],"class_list":["post-10936","post","type-post","status-publish","format-standard","has-post-thumbnail","hentry","category-uncategorized"],"jetpack_publicize_connections":[],"jetpack_featured_media_url":"https:\/\/987aldia.com\/web\/wp-content\/uploads\/2025\/11\/openai-image-1763611541.png","jetpack_sharing_enabled":true,"_links":{"self":[{"href":"https:\/\/987aldia.com\/web\/wp-json\/wp\/v2\/posts\/10936","targetHints":{"allow":["GET"]}}],"collection":[{"href":"https:\/\/987aldia.com\/web\/wp-json\/wp\/v2\/posts"}],"about":[{"href":"https:\/\/987aldia.com\/web\/wp-json\/wp\/v2\/types\/post"}],"author":[{"embeddable":true,"href":"https:\/\/987aldia.com\/web\/wp-json\/wp\/v2\/users\/1"}],"replies":[{"embeddable":true,"href":"https:\/\/987aldia.com\/web\/wp-json\/wp\/v2\/comments?post=10936"}],"version-history":[{"count":0,"href":"https:\/\/987aldia.com\/web\/wp-json\/wp\/v2\/posts\/10936\/revisions"}],"wp:featuredmedia":[{"embeddable":true,"href":"https:\/\/987aldia.com\/web\/wp-json\/wp\/v2\/media\/10937"}],"wp:attachment":[{"href":"https:\/\/987aldia.com\/web\/wp-json\/wp\/v2\/media?parent=10936"}],"wp:term":[{"taxonomy":"category","embeddable":true,"href":"https:\/\/987aldia.com\/web\/wp-json\/wp\/v2\/categories?post=10936"},{"taxonomy":"post_tag","embeddable":true,"href":"https:\/\/987aldia.com\/web\/wp-json\/wp\/v2\/tags?post=10936"}],"curies":[{"name":"wp","href":"https:\/\/api.w.org\/{rel}","templated":true}]}}