{"id":1096,"date":"2023-05-23T09:00:11","date_gmt":"2023-05-23T09:00:11","guid":{"rendered":"https:\/\/987aldia.com\/web\/?p=1096"},"modified":"2023-05-23T09:00:11","modified_gmt":"2023-05-23T09:00:11","slug":"el-sipam-montanas-de-leon-se-reune-con-responsables-de-la-fao-en-materia-alimentaria","status":"publish","type":"post","link":"https:\/\/987aldia.com\/web\/el-sipam-montanas-de-leon-se-reune-con-responsables-de-la-fao-en-materia-alimentaria\/","title":{"rendered":"El SIPAM Monta\u00f1as de Le\u00f3n se re\u00fane con responsables de la FAO en materia alimentaria"},"content":{"rendered":"\n<h2 class=\"wp-block-heading\"><strong>El SIPAM Monta\u00f1as de Le\u00f3n se re\u00fane con responsables de la FAO en materia alimentaria<\/strong>.<\/h2>\n\n\n\n<p><strong>2<\/strong><strong>3 de mayo de 2023.-<\/strong> El presidente de la Diputaci\u00f3n de Le\u00f3n, Eduardo Mor\u00e1n, y la vicerrectora de Relaciones Institucionales y con la Sociedad de la Universidad de Le\u00f3n (ULE), Mar\u00eda Dolores Alonso-Cort\u00e9s, ambos en representaci\u00f3n del SIPAM Monta\u00f1as de Le\u00f3n, se han reunido con responsables de la Organizaci\u00f3n de Naciones Unidas (ONU) para la Alimentaci\u00f3n y la Agricultura (FAO) en su sede mundial en Roma.<\/p>\n\n\n\n<p><a><\/a>Con motivo de la ceremonia de entrega de la certificaci\u00f3n oficial de la FAO, celebrada este lunes en la capital italiana, la representaci\u00f3n leonesa ha participado en los paneles informativos para la comunidad internacional junto a los otros dos SIPAM espa\u00f1oles reci\u00e9n reconocidos: los cultivos de olivos milenarios del entorno del r\u00edo S\u00e9nia (Tarragona, Castell\u00f3n y Teruel) y el riego hist\u00f3rico de la Huerta de Valencia.<\/p>\n\n\n\n<p><a><\/a>Se han desarrollado tres encuentros con el presidente del Comit\u00e9 Mundial de Seguridad Alimentaria, Gabriel Ferrero; con Mar\u00eda Helena Semedo, directora general adjunta de la FAO, y con Marcela Villarreal, directora de la Divisi\u00f3n de Alianzas de la FAO y Colaboraci\u00f3n con la ONU.&nbsp; Todas las reuniones estuvieron propiciadas por el representante permanente adjunto de Espa\u00f1a en la FAO, el leon\u00e9s Juan Prieto.<\/p>\n\n\n\n<p><a><\/a>Es el primer acto oficial de Monta\u00f1as de Le\u00f3n tras entrar en la \u00e9lite mundial que otorga el reconocimiento como Sistema Importante del Patrimonio Agr\u00edcola Mundial, el equivalente de este \u00e1mbito al Patrimonio de la Humanidad que concede otra organizaci\u00f3n de la ONU como es la UNESCO, y que ya comparte con otros 72 territorios del planeta.<\/p>\n\n\n\n<p><a><\/a>Todas las partes reconocen que la consecuci\u00f3n de este logro abre una nueva puerta de desarrollo socioecon\u00f3mico para esta extensa zona, que ocupa dos tercios de la provincia de Le\u00f3n, por revalorizar su producci\u00f3n agroalimentaria y por dar nuevo impulso al turismo sostenible y de calidad.<\/p>\n\n\n\n<p><a><\/a>De hecho, el territorio incluido en el SIPAM Monta\u00f1as de Le\u00f3n, que afecta a un centenar de municipios con m\u00e1s de 170.000 habitantes, concentra 13 de las 16 marcas de garant\u00eda alimentaria que atesora la provincia y el mayor n\u00famero de Reservas de la Biosfera del planeta, cuestiones ambas que fueron decisivas para obtener este reconocimiento internacional.<\/p>\n\n\n\n<p><a><\/a>El presidente de la Diputaci\u00f3n ha encabezado en representaci\u00f3n de los municipios monta\u00f1eses la delegaci\u00f3n desplazada a Roma para recibir la acreditaci\u00f3n oficial del Patrimonio Agr\u00edcola Mundial. Por parte de la ULE, adem\u00e1s de la vicerrectora, han asistido la directora del \u00e1rea de Relaciones Institucionales, Raquel Dom\u00ednguez; la investigadora de la ULE y coordinadora del SIPAM Monta\u00f1as de Le\u00f3n, Eugenia Rendueles, y el profesor e investigador de la instituci\u00f3n acad\u00e9mica leonesa, Jos\u00e9 Cortizo. La Universidad de Le\u00f3n ha participado en el desarrollo t\u00e9cnico de la candidatura de las Monta\u00f1as de Le\u00f3n que ha permitido lograr este reconocimiento internacional del m\u00e1ximo nivel.<\/p>\n\n\n\n<p>Con el SIPAM Monta\u00f1as de Le\u00f3n, la provincia luce seis distinciones m\u00e1ximas concedidas por distintas organizaciones de la ONU y que se suma a los Patrimonios de la Humanidad del Camino de Santiago, Las M\u00e9dulas y los hayedos de Picos de Europa de Asot\u00edn y Cuesta Fr\u00eda, adem\u00e1s del reconocimiento de Le\u00f3n como Cuna del Parlamentarismo.<\/p>\n\n\n\n<figure class=\"wp-block-image size-full\"><img fetchpriority=\"high\" decoding=\"async\" width=\"800\" height=\"400\" src=\"https:\/\/987aldia.com\/web\/wp-content\/uploads\/2023\/05\/Reunion-con-Marcela-Villarreal.jpg\" alt=\"\" class=\"wp-image-1098\" srcset=\"https:\/\/987aldia.com\/web\/wp-content\/uploads\/2023\/05\/Reunion-con-Marcela-Villarreal.jpg 800w, https:\/\/987aldia.com\/web\/wp-content\/uploads\/2023\/05\/Reunion-con-Marcela-Villarreal-300x150.jpg 300w, https:\/\/987aldia.com\/web\/wp-content\/uploads\/2023\/05\/Reunion-con-Marcela-Villarreal-768x384.jpg 768w\" sizes=\"(max-width: 800px) 100vw, 800px\" \/><\/figure>\n\n\n\n<figure class=\"wp-block-image size-full\"><img decoding=\"async\" width=\"800\" height=\"400\" src=\"https:\/\/987aldia.com\/web\/wp-content\/uploads\/2023\/05\/Reunion-con-Gabriel-Ferero.jpg\" alt=\"\" class=\"wp-image-1099\" srcset=\"https:\/\/987aldia.com\/web\/wp-content\/uploads\/2023\/05\/Reunion-con-Gabriel-Ferero.jpg 800w, https:\/\/987aldia.com\/web\/wp-content\/uploads\/2023\/05\/Reunion-con-Gabriel-Ferero-300x150.jpg 300w, https:\/\/987aldia.com\/web\/wp-content\/uploads\/2023\/05\/Reunion-con-Gabriel-Ferero-768x384.jpg 768w\" sizes=\"(max-width: 800px) 100vw, 800px\" \/><\/figure>\n","protected":false},"excerpt":{"rendered":"<p>El SIPAM Monta\u00f1as de Le\u00f3n se re\u00fane con responsables de la FAO en materia alimentaria. 23 de mayo de 2023.- El presidente de la Diputaci\u00f3n de Le\u00f3n, Eduardo Mor\u00e1n, y la vicerrectora de Relaciones Institucionales y con la Sociedad de la Universidad de Le\u00f3n (ULE), Mar\u00eda Dolores Alonso-Cort\u00e9s, ambos en representaci\u00f3n del SIPAM Monta\u00f1as de [&hellip;]<\/p>\n","protected":false},"author":1,"featured_media":1097,"comment_status":"open","ping_status":"closed","sticky":false,"template":"","format":"standard","meta":{"_monsterinsights_skip_tracking":false,"_monsterinsights_sitenote_active":false,"_monsterinsights_sitenote_note":"","_monsterinsights_sitenote_category":0,"site-container-style":"default","site-container-layout":"default","site-sidebar-layout":"default","disable-article-header":"default","disable-site-header":"default","disable-site-footer":"default","disable-content-area-spacing":"default","_jetpack_memberships_contains_paid_content":false,"footnotes":"","jetpack_publicize_message":"","jetpack_publicize_feature_enabled":true,"jetpack_social_post_already_shared":false,"jetpack_social_options":{"image_generator_settings":{"template":"highway","default_image_id":0,"font":"","enabled":false},"version":2}},"categories":[7],"tags":[],"class_list":["post-1096","post","type-post","status-publish","format-standard","has-post-thumbnail","hentry","category-notas-de-prensa"],"jetpack_publicize_connections":[],"jetpack_featured_media_url":"https:\/\/987aldia.com\/web\/wp-content\/uploads\/2023\/05\/Reunion-con-Helena-Semedo.jpg","jetpack_sharing_enabled":true,"_links":{"self":[{"href":"https:\/\/987aldia.com\/web\/wp-json\/wp\/v2\/posts\/1096","targetHints":{"allow":["GET"]}}],"collection":[{"href":"https:\/\/987aldia.com\/web\/wp-json\/wp\/v2\/posts"}],"about":[{"href":"https:\/\/987aldia.com\/web\/wp-json\/wp\/v2\/types\/post"}],"author":[{"embeddable":true,"href":"https:\/\/987aldia.com\/web\/wp-json\/wp\/v2\/users\/1"}],"replies":[{"embeddable":true,"href":"https:\/\/987aldia.com\/web\/wp-json\/wp\/v2\/comments?post=1096"}],"version-history":[{"count":1,"href":"https:\/\/987aldia.com\/web\/wp-json\/wp\/v2\/posts\/1096\/revisions"}],"predecessor-version":[{"id":1100,"href":"https:\/\/987aldia.com\/web\/wp-json\/wp\/v2\/posts\/1096\/revisions\/1100"}],"wp:featuredmedia":[{"embeddable":true,"href":"https:\/\/987aldia.com\/web\/wp-json\/wp\/v2\/media\/1097"}],"wp:attachment":[{"href":"https:\/\/987aldia.com\/web\/wp-json\/wp\/v2\/media?parent=1096"}],"wp:term":[{"taxonomy":"category","embeddable":true,"href":"https:\/\/987aldia.com\/web\/wp-json\/wp\/v2\/categories?post=1096"},{"taxonomy":"post_tag","embeddable":true,"href":"https:\/\/987aldia.com\/web\/wp-json\/wp\/v2\/tags?post=1096"}],"curies":[{"name":"wp","href":"https:\/\/api.w.org\/{rel}","templated":true}]}}