{"id":10963,"date":"2025-11-21T05:06:22","date_gmt":"2025-11-21T04:06:22","guid":{"rendered":"https:\/\/987aldia.com\/web\/la-noche-templaria-2026-de-ponferrada-conoce-la-fecha-el-video-y-el-cartel-del-evento-medieval\/"},"modified":"2025-11-21T05:06:22","modified_gmt":"2025-11-21T04:06:22","slug":"la-noche-templaria-2026-de-ponferrada-conoce-la-fecha-el-video-y-el-cartel-del-evento-medieval","status":"publish","type":"post","link":"https:\/\/987aldia.com\/web\/la-noche-templaria-2026-de-ponferrada-conoce-la-fecha-el-video-y-el-cartel-del-evento-medieval\/","title":{"rendered":"La Noche Templaria 2026 de Ponferrada: Conoce la fecha, el v\u00eddeo y el cartel del evento medieval."},"content":{"rendered":"<p>La ciudad de Ponferrada ha presentado con entusiasmo la Noche Templaria 2026, uno de los eventos m\u00e1s esperados por los habitantes y visitantes de la localidad. El anuncio oficial incluy\u00f3 la revelaci\u00f3n de la fecha de celebraci\u00f3n, un emocionante video promocional y el cautivador cartel que representar\u00e1 esta festividad tan emblem\u00e1tica.<\/p>\n<p>El concejal de Turismo ha expresado su confianza en que la Noche Templaria 2026 pueda cumplir con los requisitos necesarios para ser declarada como Fiesta de Inter\u00e9s Tur\u00edstico Regional. Con una amplia programaci\u00f3n cultural, actividades para toda la familia y un ambiente \u00fanico que transporta a los asistentes a la \u00e9poca medieval, esta celebraci\u00f3n promete ser un \u00e9xito rotundo.<\/p>\n<p>Los organizadores ya trabajan arduamente para garantizar que la Noche Templaria 2026 supere las expectativas de los asistentes y se consolide como uno de los eventos m\u00e1s destacados de la regi\u00f3n. Sin duda, se espera que esta festividad contin\u00fae atrayendo a turistas de todas partes y contribuya al impulso econ\u00f3mico y cultural de Ponferrada.<\/p>\n","protected":false},"excerpt":{"rendered":"<p>La ciudad de Ponferrada ha presentado con entusiasmo la Noche Templaria 2026, uno de los eventos m\u00e1s esperados por los habitantes y visitantes de la localidad. El anuncio oficial incluy\u00f3 la revelaci\u00f3n de la fecha de celebraci\u00f3n, un emocionante video promocional y el cautivador cartel que representar\u00e1 esta festividad tan emblem\u00e1tica. El concejal de Turismo [&hellip;]<\/p>\n","protected":false},"author":1,"featured_media":10964,"comment_status":"open","ping_status":"closed","sticky":false,"template":"","format":"standard","meta":{"_monsterinsights_skip_tracking":false,"_monsterinsights_sitenote_active":false,"_monsterinsights_sitenote_note":"","_monsterinsights_sitenote_category":0,"site-container-style":"default","site-container-layout":"default","site-sidebar-layout":"default","disable-article-header":"default","disable-site-header":"default","disable-site-footer":"default","disable-content-area-spacing":"default","_jetpack_memberships_contains_paid_content":false,"footnotes":"","jetpack_publicize_message":"","jetpack_publicize_feature_enabled":true,"jetpack_social_post_already_shared":true,"jetpack_social_options":{"image_generator_settings":{"template":"highway","default_image_id":0,"font":"","enabled":false},"version":2}},"categories":[1],"tags":[],"class_list":["post-10963","post","type-post","status-publish","format-standard","has-post-thumbnail","hentry","category-uncategorized"],"jetpack_publicize_connections":[],"jetpack_featured_media_url":"https:\/\/987aldia.com\/web\/wp-content\/uploads\/2025\/11\/openai-image-1763697982.png","jetpack_sharing_enabled":true,"_links":{"self":[{"href":"https:\/\/987aldia.com\/web\/wp-json\/wp\/v2\/posts\/10963","targetHints":{"allow":["GET"]}}],"collection":[{"href":"https:\/\/987aldia.com\/web\/wp-json\/wp\/v2\/posts"}],"about":[{"href":"https:\/\/987aldia.com\/web\/wp-json\/wp\/v2\/types\/post"}],"author":[{"embeddable":true,"href":"https:\/\/987aldia.com\/web\/wp-json\/wp\/v2\/users\/1"}],"replies":[{"embeddable":true,"href":"https:\/\/987aldia.com\/web\/wp-json\/wp\/v2\/comments?post=10963"}],"version-history":[{"count":0,"href":"https:\/\/987aldia.com\/web\/wp-json\/wp\/v2\/posts\/10963\/revisions"}],"wp:featuredmedia":[{"embeddable":true,"href":"https:\/\/987aldia.com\/web\/wp-json\/wp\/v2\/media\/10964"}],"wp:attachment":[{"href":"https:\/\/987aldia.com\/web\/wp-json\/wp\/v2\/media?parent=10963"}],"wp:term":[{"taxonomy":"category","embeddable":true,"href":"https:\/\/987aldia.com\/web\/wp-json\/wp\/v2\/categories?post=10963"},{"taxonomy":"post_tag","embeddable":true,"href":"https:\/\/987aldia.com\/web\/wp-json\/wp\/v2\/tags?post=10963"}],"curies":[{"name":"wp","href":"https:\/\/api.w.org\/{rel}","templated":true}]}}