{"id":10965,"date":"2025-11-21T07:06:07","date_gmt":"2025-11-21T06:06:07","guid":{"rendered":"https:\/\/987aldia.com\/web\/grupo-de-16-bercianos-enfrenta-penas-de-hasta-9-anos-por-trafico-de-drogas\/"},"modified":"2025-11-21T07:06:07","modified_gmt":"2025-11-21T06:06:07","slug":"grupo-de-16-bercianos-enfrenta-penas-de-hasta-9-anos-por-trafico-de-drogas","status":"publish","type":"post","link":"https:\/\/987aldia.com\/web\/grupo-de-16-bercianos-enfrenta-penas-de-hasta-9-anos-por-trafico-de-drogas\/","title":{"rendered":"\u00abGrupo de 16 bercianos enfrenta penas de hasta 9 a\u00f1os por tr\u00e1fico de drogas\u00bb"},"content":{"rendered":"<p>Diecis\u00e9is residentes de la comarca del Bierzo se enfrentan a duras acusaciones por presunto tr\u00e1fico de drogas, delitos que podr\u00edan acarrearles penas de hasta 9 a\u00f1os de prisi\u00f3n. Los hechos se remontan a una operaci\u00f3n policial llevada a cabo entre los a\u00f1os 2016 y 2017, cuyas consecuencias se ver\u00e1n ahora reflejadas en un juicio que se prolongar\u00e1 durante tres d\u00edas en la Audiencia Provincial de Le\u00f3n.<\/p>\n<p>Las autoridades han se\u00f1alado que este caso de tr\u00e1fico de estupefacientes ha generado gran preocupaci\u00f3n en la comunidad, debido a la magnitud de la red supuestamente desarticulada y al impacto que habr\u00eda tenido en la regi\u00f3n. Se espera que durante el juicio se presenten pruebas contundentes que sustenten las acusaciones contra los implicados, quienes tendr\u00e1n la oportunidad de defenderse y demostrar su inocencia.<\/p>\n<p>Este proceso judicial se presenta como un hito importante en la lucha contra el narcotr\u00e1fico en la zona, evidenciando el compromiso de las autoridades en combatir este tipo de delitos que tanto da\u00f1o causan a la sociedad. La Audiencia Provincial de Le\u00f3n ser\u00e1 el escenario en el que se resolver\u00e1 el destino de estos 16 bercianos acusados, en un juicio que se espera arroje luz sobre este oscuro cap\u00edtulo en la historia local.<\/p>\n","protected":false},"excerpt":{"rendered":"<p>Diecis\u00e9is residentes de la comarca del Bierzo se enfrentan a duras acusaciones por presunto tr\u00e1fico de drogas, delitos que podr\u00edan acarrearles penas de hasta 9 a\u00f1os de prisi\u00f3n. Los hechos se remontan a una operaci\u00f3n policial llevada a cabo entre los a\u00f1os 2016 y 2017, cuyas consecuencias se ver\u00e1n ahora reflejadas en un juicio que [&hellip;]<\/p>\n","protected":false},"author":1,"featured_media":0,"comment_status":"open","ping_status":"closed","sticky":false,"template":"","format":"standard","meta":{"_monsterinsights_skip_tracking":false,"_monsterinsights_sitenote_active":false,"_monsterinsights_sitenote_note":"","_monsterinsights_sitenote_category":0,"site-container-style":"default","site-container-layout":"default","site-sidebar-layout":"default","disable-article-header":"default","disable-site-header":"default","disable-site-footer":"default","disable-content-area-spacing":"default","_jetpack_memberships_contains_paid_content":false,"footnotes":"","jetpack_publicize_message":"","jetpack_publicize_feature_enabled":true,"jetpack_social_post_already_shared":true,"jetpack_social_options":{"image_generator_settings":{"template":"highway","default_image_id":0,"font":"","enabled":false},"version":2}},"categories":[1],"tags":[],"class_list":["post-10965","post","type-post","status-publish","format-standard","hentry","category-uncategorized"],"jetpack_publicize_connections":[],"jetpack_featured_media_url":"","jetpack_sharing_enabled":true,"_links":{"self":[{"href":"https:\/\/987aldia.com\/web\/wp-json\/wp\/v2\/posts\/10965","targetHints":{"allow":["GET"]}}],"collection":[{"href":"https:\/\/987aldia.com\/web\/wp-json\/wp\/v2\/posts"}],"about":[{"href":"https:\/\/987aldia.com\/web\/wp-json\/wp\/v2\/types\/post"}],"author":[{"embeddable":true,"href":"https:\/\/987aldia.com\/web\/wp-json\/wp\/v2\/users\/1"}],"replies":[{"embeddable":true,"href":"https:\/\/987aldia.com\/web\/wp-json\/wp\/v2\/comments?post=10965"}],"version-history":[{"count":0,"href":"https:\/\/987aldia.com\/web\/wp-json\/wp\/v2\/posts\/10965\/revisions"}],"wp:attachment":[{"href":"https:\/\/987aldia.com\/web\/wp-json\/wp\/v2\/media?parent=10965"}],"wp:term":[{"taxonomy":"category","embeddable":true,"href":"https:\/\/987aldia.com\/web\/wp-json\/wp\/v2\/categories?post=10965"},{"taxonomy":"post_tag","embeddable":true,"href":"https:\/\/987aldia.com\/web\/wp-json\/wp\/v2\/tags?post=10965"}],"curies":[{"name":"wp","href":"https:\/\/api.w.org\/{rel}","templated":true}]}}