{"id":10966,"date":"2025-11-21T08:48:46","date_gmt":"2025-11-21T07:48:46","guid":{"rendered":"https:\/\/987aldia.com\/web\/el-supremo-condena-al-fiscal-general-a-dos-anos-de-inhabilitacion-por-revelacion-de-secretos\/"},"modified":"2025-11-21T08:48:46","modified_gmt":"2025-11-21T07:48:46","slug":"el-supremo-condena-al-fiscal-general-a-dos-anos-de-inhabilitacion-por-revelacion-de-secretos","status":"publish","type":"post","link":"https:\/\/987aldia.com\/web\/el-supremo-condena-al-fiscal-general-a-dos-anos-de-inhabilitacion-por-revelacion-de-secretos\/","title":{"rendered":"El Supremo condena al fiscal general a dos a\u00f1os de inhabilitaci\u00f3n por revelaci\u00f3n de secretos"},"content":{"rendered":"<p>El Tribunal Supremo (TS) ha condenado al fiscal general del Estado, \u00c1lvaro Garc\u00eda Ortiz, a dos a\u00f1os de inhabilitaci\u00f3n y una multa de 7.200 euros por un delito de revelaci\u00f3n de secretos. El caso involucra a Alberto Gonz\u00e1lez, novio de la presidenta madrile\u00f1a, Isabel D\u00edaz Ayuso, a quien se habr\u00edan entregado datos de manera indebida.<\/p>\n<p>Esta decisi\u00f3n, adoptada el 21 de noviembre de 2023, marca un precedente, ya que es la primera vez que un fiscal general del Estado se sienta en el banquillo de los acusados. La sentencia no fue un\u00e1nime, ya que cont\u00f3 con el voto particular de la magistrada Ana Ferrer y Susana Polo. Sin embargo, el ponente de la sentencia fue Andr\u00e9s Mart\u00ednez Arrieta, presidente del tribunal.<\/p>\n<p>El fallo a\u00fan no se ha notificado oficialmente a las partes, lo que significa que no surtir\u00e1 efectos hasta entonces. Las primeras reacciones no se han hecho esperar. Hana Jalloul, diputada y secretaria de Pol\u00edtica Internacional y Cooperaci\u00f3n al Desarrollo del PSOE, critic\u00f3 la sentencia, calific\u00e1ndola de \u00abvergonzosa\u00bb.<\/p>\n<p>El Gobierno y el PSOE han defendido la inocencia de Garc\u00eda Ortiz, mientras que el Partido Popular ha calificado la sentencia de \u00abhist\u00f3rica\u00bb. El presidente del Gobierno, Pedro S\u00e1nchez, ha pedido disculpas a los ciudadanos por la situaci\u00f3n.<\/p>\n<p>En el contexto de Castilla y Le\u00f3n, esta sentencia podr\u00eda tener repercusiones en la percepci\u00f3n p\u00fablica sobre la transparencia y la justicia en la regi\u00f3n. La provincia de Le\u00f3n, donde se origin\u00f3 parte del caso, podr\u00eda ver un impacto en la confianza en las instituciones judiciales.<\/p>\n<p>A nivel nacional, este caso resalta las tensiones pol\u00edticas y judiciales en Espa\u00f1a, especialmente en un momento en que la independencia del poder judicial es un tema candente. Se espera que el caso contin\u00fae generando debate en los pr\u00f3ximos meses, con posibles apelaciones y un escrutinio p\u00fablico continuo.<\/p>\n","protected":false},"excerpt":{"rendered":"<p>\u00c1lvaro Garc\u00eda Ortiz, fiscal general del Estado, sancionado por el Tribunal Supremo.<\/p>\n","protected":false},"author":1,"featured_media":10967,"comment_status":"open","ping_status":"closed","sticky":false,"template":"","format":"standard","meta":{"_monsterinsights_skip_tracking":false,"_monsterinsights_sitenote_active":false,"_monsterinsights_sitenote_note":"","_monsterinsights_sitenote_category":0,"site-container-style":"default","site-container-layout":"default","site-sidebar-layout":"default","disable-article-header":"default","disable-site-header":"default","disable-site-footer":"default","disable-content-area-spacing":"default","_jetpack_memberships_contains_paid_content":false,"footnotes":"","jetpack_publicize_message":"","jetpack_publicize_feature_enabled":true,"jetpack_social_post_already_shared":true,"jetpack_social_options":{"image_generator_settings":{"template":"highway","default_image_id":0,"font":"","enabled":false},"version":2}},"categories":[1],"tags":[],"class_list":["post-10966","post","type-post","status-publish","format-standard","has-post-thumbnail","hentry","category-uncategorized"],"jetpack_publicize_connections":[],"jetpack_featured_media_url":"https:\/\/987aldia.com\/web\/wp-content\/uploads\/2025\/11\/especialidad_article_20251121_074610_emnIEr.png","jetpack_sharing_enabled":true,"_links":{"self":[{"href":"https:\/\/987aldia.com\/web\/wp-json\/wp\/v2\/posts\/10966","targetHints":{"allow":["GET"]}}],"collection":[{"href":"https:\/\/987aldia.com\/web\/wp-json\/wp\/v2\/posts"}],"about":[{"href":"https:\/\/987aldia.com\/web\/wp-json\/wp\/v2\/types\/post"}],"author":[{"embeddable":true,"href":"https:\/\/987aldia.com\/web\/wp-json\/wp\/v2\/users\/1"}],"replies":[{"embeddable":true,"href":"https:\/\/987aldia.com\/web\/wp-json\/wp\/v2\/comments?post=10966"}],"version-history":[{"count":0,"href":"https:\/\/987aldia.com\/web\/wp-json\/wp\/v2\/posts\/10966\/revisions"}],"wp:featuredmedia":[{"embeddable":true,"href":"https:\/\/987aldia.com\/web\/wp-json\/wp\/v2\/media\/10967"}],"wp:attachment":[{"href":"https:\/\/987aldia.com\/web\/wp-json\/wp\/v2\/media?parent=10966"}],"wp:term":[{"taxonomy":"category","embeddable":true,"href":"https:\/\/987aldia.com\/web\/wp-json\/wp\/v2\/categories?post=10966"},{"taxonomy":"post_tag","embeddable":true,"href":"https:\/\/987aldia.com\/web\/wp-json\/wp\/v2\/tags?post=10966"}],"curies":[{"name":"wp","href":"https:\/\/api.w.org\/{rel}","templated":true}]}}