{"id":10970,"date":"2025-11-21T08:49:22","date_gmt":"2025-11-21T07:49:22","guid":{"rendered":"https:\/\/987aldia.com\/web\/acuerdo-entre-ayuntamiento-y-junta-para-mejorar-los-colegios-en-leon-2\/"},"modified":"2025-11-21T08:49:22","modified_gmt":"2025-11-21T07:49:22","slug":"acuerdo-entre-ayuntamiento-y-junta-para-mejorar-los-colegios-en-leon-2","status":"publish","type":"post","link":"https:\/\/987aldia.com\/web\/acuerdo-entre-ayuntamiento-y-junta-para-mejorar-los-colegios-en-leon-2\/","title":{"rendered":"Acuerdo entre Ayuntamiento y Junta para mejorar los colegios en Le\u00f3n"},"content":{"rendered":"<p>El alcalde de Le\u00f3n, Jos\u00e9 Antonio Diez, declar\u00f3 ayer que mantiene conversaciones con la Junta para abordar mejoras en los centros educativos de Le\u00f3n, que son, seg\u00fan apunt\u00f3, los m\u00e1s antiguos de la Comunidad. Unas conversaciones que llegan tras a\u00f1os de conflicto para determinar de qu\u00e9 administraci\u00f3n son las competencias, mientras los colegios sufren las goteras o las constantes aver\u00edas en las calderas.<\/p>\n<p>\u00abYo creo que no tardando mucho habr\u00e1 alguna noticia entre el Ayuntamiento y la Consejer\u00eda de Educaci\u00f3n que demostrar\u00e1 que, efectivamente, cuando se habla, cuando hay di\u00e1logo y cuando hay voluntad por las partes, las cosas pueden mejorar\u00bb, puntualiz\u00f3.<\/p>\n<p>No obstante, precis\u00f3 que este acercamiento de posturas \u00abno quiere decir que de la noche a la ma\u00f1ana todo vaya a mejorar\u00bb, pero s\u00ed destac\u00f3 la \u00abvoluntad pol\u00edtica\u00bb por parte de la Administraci\u00f3n auton\u00f3mica y el Consistorio de Le\u00f3n para coordinarse y poder realizar una tarea satisfactoria que mejore los colegios.<\/p>\n<p>En este contexto, record\u00f3 que el Ayuntamiento aporta un mill\u00f3n de euros al a\u00f1o en materia de mantenimiento de centros educativos, una aportaci\u00f3n que se sumar\u00e1 a las mejoras que se abordar\u00e1n de la mano de la Junta. \u00abCon la Junta hay unas conversaciones muy avanzadas que espero que en los pr\u00f3ximos d\u00edas haya alg\u00fan anuncio al respecto\u00bb, dijo, para agregar que este compromiso permitir\u00e1, de manera paulatina, que los centros escolares p\u00fablicos de Le\u00f3n tengan un nivel \u00abacorde\u00bb a la exigencia que requieren los ni\u00f1os y los docentes que desarrollan su actividad en ellos.<\/p>\n<p>Jos\u00e9 Antonio Diez se pronunci\u00f3 de este modo en el Coto Escolar, donde se present\u00f3 la programaci\u00f3n dise\u00f1ada para el actual curso escolar a los directores y responsables de los centros educativos de la ciudad.<\/p>\n<p>La mejora de las infraestructuras educativas en Le\u00f3n es una demanda constante de la comunidad educativa y de las familias, que ven c\u00f3mo las condiciones de los centros afectan al desarrollo acad\u00e9mico de los estudiantes. Con este acuerdo, se espera que se puedan solventar problemas hist\u00f3ricos y mejorar la calidad educativa en la provincia.<\/p>\n<p>A nivel auton\u00f3mico, este tipo de acuerdos podr\u00edan servir de ejemplo para otras provincias de Castilla y Le\u00f3n que enfrentan situaciones similares. La colaboraci\u00f3n entre administraciones es vista como un paso positivo hacia la resoluci\u00f3n de problemas estructurales en la educaci\u00f3n p\u00fablica.<\/p>\n<p>En el futuro, se espera que las medidas acordadas se implementen de manera efectiva y que el di\u00e1logo entre las partes contin\u00fae para asegurar el mantenimiento y la mejora continua de los centros educativos en Le\u00f3n. La comunidad educativa aguarda con expectativa los pr\u00f3ximos anuncios y la ejecuci\u00f3n de los compromisos adquiridos.<\/p>\n","protected":false},"excerpt":{"rendered":"<p>El alcalde Jos\u00e9 Antonio Diez asegura que las negociaciones est\u00e1n muy avanzadas.<\/p>\n","protected":false},"author":1,"featured_media":10971,"comment_status":"open","ping_status":"closed","sticky":false,"template":"","format":"standard","meta":{"_monsterinsights_skip_tracking":false,"_monsterinsights_sitenote_active":false,"_monsterinsights_sitenote_note":"","_monsterinsights_sitenote_category":0,"site-container-style":"default","site-container-layout":"default","site-sidebar-layout":"default","disable-article-header":"default","disable-site-header":"default","disable-site-footer":"default","disable-content-area-spacing":"default","_jetpack_memberships_contains_paid_content":false,"footnotes":"","jetpack_publicize_message":"","jetpack_publicize_feature_enabled":true,"jetpack_social_post_already_shared":true,"jetpack_social_options":{"image_generator_settings":{"template":"highway","default_image_id":0,"font":"","enabled":false},"version":2}},"categories":[1],"tags":[],"class_list":["post-10970","post","type-post","status-publish","format-standard","has-post-thumbnail","hentry","category-uncategorized"],"jetpack_publicize_connections":[],"jetpack_featured_media_url":"https:\/\/987aldia.com\/web\/wp-content\/uploads\/2025\/11\/especialidad_article_20251121_074411_yBl5sW-1.png","jetpack_sharing_enabled":true,"_links":{"self":[{"href":"https:\/\/987aldia.com\/web\/wp-json\/wp\/v2\/posts\/10970","targetHints":{"allow":["GET"]}}],"collection":[{"href":"https:\/\/987aldia.com\/web\/wp-json\/wp\/v2\/posts"}],"about":[{"href":"https:\/\/987aldia.com\/web\/wp-json\/wp\/v2\/types\/post"}],"author":[{"embeddable":true,"href":"https:\/\/987aldia.com\/web\/wp-json\/wp\/v2\/users\/1"}],"replies":[{"embeddable":true,"href":"https:\/\/987aldia.com\/web\/wp-json\/wp\/v2\/comments?post=10970"}],"version-history":[{"count":0,"href":"https:\/\/987aldia.com\/web\/wp-json\/wp\/v2\/posts\/10970\/revisions"}],"wp:featuredmedia":[{"embeddable":true,"href":"https:\/\/987aldia.com\/web\/wp-json\/wp\/v2\/media\/10971"}],"wp:attachment":[{"href":"https:\/\/987aldia.com\/web\/wp-json\/wp\/v2\/media?parent=10970"}],"wp:term":[{"taxonomy":"category","embeddable":true,"href":"https:\/\/987aldia.com\/web\/wp-json\/wp\/v2\/categories?post=10970"},{"taxonomy":"post_tag","embeddable":true,"href":"https:\/\/987aldia.com\/web\/wp-json\/wp\/v2\/tags?post=10970"}],"curies":[{"name":"wp","href":"https:\/\/api.w.org\/{rel}","templated":true}]}}