{"id":10976,"date":"2025-11-21T09:05:47","date_gmt":"2025-11-21T08:05:47","guid":{"rendered":"https:\/\/987aldia.com\/web\/el-regreso-del-tren-de-feve-al-centro-de-leon-se-estanca\/"},"modified":"2025-11-21T09:05:47","modified_gmt":"2025-11-21T08:05:47","slug":"el-regreso-del-tren-de-feve-al-centro-de-leon-se-estanca","status":"publish","type":"post","link":"https:\/\/987aldia.com\/web\/el-regreso-del-tren-de-feve-al-centro-de-leon-se-estanca\/","title":{"rendered":"El regreso del tren de Feve al centro de Le\u00f3n se estanca"},"content":{"rendered":"<p>Los 14 a\u00f1os de reivindicaciones para que el tren de Feve regrese al centro de Le\u00f3n han quedado esta semana en punto muerto. Los once alcaldes afectados por la abrupta interrupci\u00f3n en 2011 de la l\u00ednea C1 en La Asunci\u00f3n, a escasos tres kil\u00f3metros de la estaci\u00f3n de Matallana, reconocen sentirse desinflados por la nula capacidad de maniobra que les deja el Ministerio de Transportes, que ha roto ese sue\u00f1o con el criterio de la rentabilidad y una \u00fanica opci\u00f3n encima de la mesa de 2 millones de euros: el trasbordo con un autob\u00fas el\u00e9ctrico.<\/p>\n<p>Desde las filas del PSOE, el alcalde de La Vecilla, Mois\u00e9s Gonz\u00e1lez, admite que \u00abno\u00bb le gusta, \u00abpero no hay otra. Esto estaba enquistado desde hace mucho tiempo, es desagradable y lleg\u00f3 a un l\u00edmite terrible porque los anteriores no hicieron nada. El secretario de Estado Jos\u00e9 Antonio Santano habl\u00f3 claro, los trenes de gas\u00f3leo no pueden entrar ahora a la ciudad, porque cambi\u00f3 la normativa, no son sostenibles y electrificar toda la l\u00ednea que llega a Bilbao ser\u00eda complejo y de a\u00f1os. Por eso, para que la infraestructura no se siga deteriorando se cubre y se transborda a un autob\u00fas el\u00e9ctrico en el mismo and\u00e9n para que los mayores no sufran desniveles\u00bb.<\/p>\n<p>El impacto local en Le\u00f3n y la provincia es significativo, ya que la falta de una soluci\u00f3n ferroviaria directa afecta a la conectividad y al desarrollo econ\u00f3mico de la regi\u00f3n. En el contexto auton\u00f3mico, Castilla y Le\u00f3n enfrenta desaf\u00edos similares en otras \u00e1reas, donde la modernizaci\u00f3n de infraestructuras es una necesidad apremiante.<\/p>\n<p>A futuro, se espera que las autoridades contin\u00faen buscando alternativas que puedan satisfacer las necesidades de movilidad de los ciudadanos sin comprometer la sostenibilidad. La implementaci\u00f3n del autob\u00fas el\u00e9ctrico es un paso provisional, pero la comunidad sigue esperando una soluci\u00f3n m\u00e1s definitiva que permita el regreso del tren al centro de Le\u00f3n.<\/p>\n","protected":false},"excerpt":{"rendered":"<p>La interrupci\u00f3n de la l\u00ednea C1 en 2011 deja a los alcaldes sin opciones viables<\/p>\n","protected":false},"author":1,"featured_media":10977,"comment_status":"open","ping_status":"closed","sticky":false,"template":"","format":"standard","meta":{"_monsterinsights_skip_tracking":false,"_monsterinsights_sitenote_active":false,"_monsterinsights_sitenote_note":"","_monsterinsights_sitenote_category":0,"site-container-style":"default","site-container-layout":"default","site-sidebar-layout":"default","disable-article-header":"default","disable-site-header":"default","disable-site-footer":"default","disable-content-area-spacing":"default","_jetpack_memberships_contains_paid_content":false,"footnotes":"","jetpack_publicize_message":"","jetpack_publicize_feature_enabled":true,"jetpack_social_post_already_shared":true,"jetpack_social_options":{"image_generator_settings":{"template":"highway","default_image_id":0,"font":"","enabled":false},"version":2}},"categories":[1],"tags":[],"class_list":["post-10976","post","type-post","status-publish","format-standard","has-post-thumbnail","hentry","category-uncategorized"],"jetpack_publicize_connections":[],"jetpack_featured_media_url":"https:\/\/987aldia.com\/web\/wp-content\/uploads\/2025\/11\/especialidad_article_20251121_075217_06c30r.png","jetpack_sharing_enabled":true,"_links":{"self":[{"href":"https:\/\/987aldia.com\/web\/wp-json\/wp\/v2\/posts\/10976","targetHints":{"allow":["GET"]}}],"collection":[{"href":"https:\/\/987aldia.com\/web\/wp-json\/wp\/v2\/posts"}],"about":[{"href":"https:\/\/987aldia.com\/web\/wp-json\/wp\/v2\/types\/post"}],"author":[{"embeddable":true,"href":"https:\/\/987aldia.com\/web\/wp-json\/wp\/v2\/users\/1"}],"replies":[{"embeddable":true,"href":"https:\/\/987aldia.com\/web\/wp-json\/wp\/v2\/comments?post=10976"}],"version-history":[{"count":0,"href":"https:\/\/987aldia.com\/web\/wp-json\/wp\/v2\/posts\/10976\/revisions"}],"wp:featuredmedia":[{"embeddable":true,"href":"https:\/\/987aldia.com\/web\/wp-json\/wp\/v2\/media\/10977"}],"wp:attachment":[{"href":"https:\/\/987aldia.com\/web\/wp-json\/wp\/v2\/media?parent=10976"}],"wp:term":[{"taxonomy":"category","embeddable":true,"href":"https:\/\/987aldia.com\/web\/wp-json\/wp\/v2\/categories?post=10976"},{"taxonomy":"post_tag","embeddable":true,"href":"https:\/\/987aldia.com\/web\/wp-json\/wp\/v2\/tags?post=10976"}],"curies":[{"name":"wp","href":"https:\/\/api.w.org\/{rel}","templated":true}]}}