{"id":10983,"date":"2025-11-21T12:46:02","date_gmt":"2025-11-21T11:46:02","guid":{"rendered":"https:\/\/987aldia.com\/web\/el-tribunal-supremo-condena-al-fiscal-general-del-estado\/"},"modified":"2025-11-21T12:46:02","modified_gmt":"2025-11-21T11:46:02","slug":"el-tribunal-supremo-condena-al-fiscal-general-del-estado","status":"publish","type":"post","link":"https:\/\/987aldia.com\/web\/el-tribunal-supremo-condena-al-fiscal-general-del-estado\/","title":{"rendered":"El Tribunal Supremo condena al fiscal general del Estado"},"content":{"rendered":"<p>El Tribunal Supremo (TS) ha dictado sentencia contra el fiscal general del Estado, \u00c1lvaro Garc\u00eda Ortiz, imponi\u00e9ndole dos a\u00f1os de inhabilitaci\u00f3n y una multa de 7.200 euros. La condena se debe a un delito de revelaci\u00f3n de secretos en perjuicio de Alberto Gonz\u00e1lez Amador, pareja de la presidenta de la Comunidad de Madrid, Isabel D\u00edaz Ayuso, quien recibir\u00e1 una indemnizaci\u00f3n de 10.000 euros por da\u00f1os morales.<\/p>\n<p>El fallo del tribunal, compuesto por siete magistrados de tendencia conservadora, fue adelantado este jueves, apenas una semana despu\u00e9s de concluir un juicio hist\u00f3rico. Este caso marca la primera ocasi\u00f3n en que un fiscal general del Estado se sienta en el banquillo de los acusados.<\/p>\n<p>La decisi\u00f3n no fue un\u00e1nime, ya que cont\u00f3 con el voto particular de las magistradas Ana Ferrer y Susana Polo. Inicialmente, Polo era la ponente de la sentencia, pero la redacci\u00f3n final fue asumida por Andr\u00e9s Mart\u00ednez Arrieta, presidente de la Sala de lo Penal del TS.<\/p>\n<p>El fallo se comunic\u00f3 a las partes, pero no tendr\u00e1 efectos hasta que se notifique la sentencia, cuya redacci\u00f3n a\u00fan no est\u00e1 completada. La eurodiputada Hana Jalloul, secretaria de Pol\u00edtica Internacional y Cooperaci\u00f3n al Desarrollo del PSOE, ha criticado la sentencia calific\u00e1ndola de \u00abuna verg\u00fcenza\u00bb a trav\u00e9s de su cuenta en &#8216;X&#8217;.<\/p>\n<p>Este caso ha generado un impacto significativo en la provincia de Le\u00f3n y en toda Castilla y Le\u00f3n, dada la relevancia del cargo de Garc\u00eda Ortiz. A nivel nacional, la sentencia ha suscitado un debate sobre la transparencia y la \u00e9tica en las instituciones judiciales.<\/p>\n<p>Se espera que la notificaci\u00f3n oficial de la sentencia se produzca en los pr\u00f3ximos d\u00edas, lo que permitir\u00e1 a las partes implicadas considerar posibles recursos o acciones legales adicionales.<\/p>\n","protected":false},"excerpt":{"rendered":"<p>\u00c1lvaro Garc\u00eda Ortiz es inhabilitado por dos a\u00f1os y multado por revelaci\u00f3n de secretos.<\/p>\n","protected":false},"author":1,"featured_media":10984,"comment_status":"open","ping_status":"closed","sticky":false,"template":"","format":"standard","meta":{"_monsterinsights_skip_tracking":false,"_monsterinsights_sitenote_active":false,"_monsterinsights_sitenote_note":"","_monsterinsights_sitenote_category":0,"site-container-style":"default","site-container-layout":"default","site-sidebar-layout":"default","disable-article-header":"default","disable-site-header":"default","disable-site-footer":"default","disable-content-area-spacing":"default","_jetpack_memberships_contains_paid_content":false,"footnotes":"","jetpack_publicize_message":"","jetpack_publicize_feature_enabled":true,"jetpack_social_post_already_shared":true,"jetpack_social_options":{"image_generator_settings":{"template":"highway","default_image_id":0,"font":"","enabled":false},"version":2}},"categories":[1],"tags":[],"class_list":["post-10983","post","type-post","status-publish","format-standard","has-post-thumbnail","hentry","category-uncategorized"],"jetpack_publicize_connections":[],"jetpack_featured_media_url":"https:\/\/987aldia.com\/web\/wp-content\/uploads\/2025\/11\/especialidad_article_20251121_114400_ZJSjga.png","jetpack_sharing_enabled":true,"_links":{"self":[{"href":"https:\/\/987aldia.com\/web\/wp-json\/wp\/v2\/posts\/10983","targetHints":{"allow":["GET"]}}],"collection":[{"href":"https:\/\/987aldia.com\/web\/wp-json\/wp\/v2\/posts"}],"about":[{"href":"https:\/\/987aldia.com\/web\/wp-json\/wp\/v2\/types\/post"}],"author":[{"embeddable":true,"href":"https:\/\/987aldia.com\/web\/wp-json\/wp\/v2\/users\/1"}],"replies":[{"embeddable":true,"href":"https:\/\/987aldia.com\/web\/wp-json\/wp\/v2\/comments?post=10983"}],"version-history":[{"count":0,"href":"https:\/\/987aldia.com\/web\/wp-json\/wp\/v2\/posts\/10983\/revisions"}],"wp:featuredmedia":[{"embeddable":true,"href":"https:\/\/987aldia.com\/web\/wp-json\/wp\/v2\/media\/10984"}],"wp:attachment":[{"href":"https:\/\/987aldia.com\/web\/wp-json\/wp\/v2\/media?parent=10983"}],"wp:term":[{"taxonomy":"category","embeddable":true,"href":"https:\/\/987aldia.com\/web\/wp-json\/wp\/v2\/categories?post=10983"},{"taxonomy":"post_tag","embeddable":true,"href":"https:\/\/987aldia.com\/web\/wp-json\/wp\/v2\/tags?post=10983"}],"curies":[{"name":"wp","href":"https:\/\/api.w.org\/{rel}","templated":true}]}}