{"id":10989,"date":"2025-11-21T17:05:50","date_gmt":"2025-11-21T16:05:50","guid":{"rendered":"https:\/\/987aldia.com\/web\/el-botillo-sigue-conquistando-paladares-tras-25-anos-de-obtener-su-sello-de-calidad\/"},"modified":"2025-11-21T17:05:50","modified_gmt":"2025-11-21T16:05:50","slug":"el-botillo-sigue-conquistando-paladares-tras-25-anos-de-obtener-su-sello-de-calidad","status":"publish","type":"post","link":"https:\/\/987aldia.com\/web\/el-botillo-sigue-conquistando-paladares-tras-25-anos-de-obtener-su-sello-de-calidad\/","title":{"rendered":"El botillo sigue conquistando paladares tras 25 a\u00f1os de obtener su sello de calidad"},"content":{"rendered":"<p>El emblem\u00e1tico botillo, producto estrella de la gastronom\u00eda berciana, ha celebrado con gran pompa y orgullo su 25 aniversario desde que obtuvo el codiciado sello de calidad. En un emotivo acto, la Indicaci\u00f3n Geogr\u00e1fica Protegida (IGP) de este exquisito embutido rindi\u00f3 merecido homenaje al reconocido periodista Luis del Olmo, a la pujante industria c\u00e1rnica y a la venerable Cofrad\u00eda del Botillo.<\/p>\n<p>Entre los momentos m\u00e1s destacados de la celebraci\u00f3n se encontr\u00f3 la presentaci\u00f3n del nuevo logotipo e imagen de la IGP, simbolizando as\u00ed un exitoso relevo generacional que busca llevar el botillo a nuevas alturas de reconocimiento y apreciaci\u00f3n. La fortaleza y calidad de este producto tradicional, que ha sabido perdurar a lo largo de los a\u00f1os, qued\u00f3 patente en cada detalle de este evento conmemorativo.<\/p>\n<p>El botillo, con sus ra\u00edces profundamente arraigadas en la cultura y tradici\u00f3n de El Bierzo, contin\u00faa conquistando paladares y corazones, demostrando una vez m\u00e1s por qu\u00e9 es considerado uno de los manjares m\u00e1s emblem\u00e1ticos de la gastronom\u00eda espa\u00f1ola.<\/p>\n","protected":false},"excerpt":{"rendered":"<p>El emblem\u00e1tico botillo, producto estrella de la gastronom\u00eda berciana, ha celebrado con gran pompa y orgullo su 25 aniversario desde que obtuvo el codiciado sello de calidad. En un emotivo acto, la Indicaci\u00f3n Geogr\u00e1fica Protegida (IGP) de este exquisito embutido rindi\u00f3 merecido homenaje al reconocido periodista Luis del Olmo, a la pujante industria c\u00e1rnica y [&hellip;]<\/p>\n","protected":false},"author":1,"featured_media":0,"comment_status":"open","ping_status":"closed","sticky":false,"template":"","format":"standard","meta":{"_monsterinsights_skip_tracking":false,"_monsterinsights_sitenote_active":false,"_monsterinsights_sitenote_note":"","_monsterinsights_sitenote_category":0,"site-container-style":"default","site-container-layout":"default","site-sidebar-layout":"default","disable-article-header":"default","disable-site-header":"default","disable-site-footer":"default","disable-content-area-spacing":"default","_jetpack_memberships_contains_paid_content":false,"footnotes":"","jetpack_publicize_message":"","jetpack_publicize_feature_enabled":true,"jetpack_social_post_already_shared":true,"jetpack_social_options":{"image_generator_settings":{"template":"highway","default_image_id":0,"font":"","enabled":false},"version":2}},"categories":[1],"tags":[],"class_list":["post-10989","post","type-post","status-publish","format-standard","hentry","category-uncategorized"],"jetpack_publicize_connections":[],"jetpack_featured_media_url":"","jetpack_sharing_enabled":true,"_links":{"self":[{"href":"https:\/\/987aldia.com\/web\/wp-json\/wp\/v2\/posts\/10989","targetHints":{"allow":["GET"]}}],"collection":[{"href":"https:\/\/987aldia.com\/web\/wp-json\/wp\/v2\/posts"}],"about":[{"href":"https:\/\/987aldia.com\/web\/wp-json\/wp\/v2\/types\/post"}],"author":[{"embeddable":true,"href":"https:\/\/987aldia.com\/web\/wp-json\/wp\/v2\/users\/1"}],"replies":[{"embeddable":true,"href":"https:\/\/987aldia.com\/web\/wp-json\/wp\/v2\/comments?post=10989"}],"version-history":[{"count":0,"href":"https:\/\/987aldia.com\/web\/wp-json\/wp\/v2\/posts\/10989\/revisions"}],"wp:attachment":[{"href":"https:\/\/987aldia.com\/web\/wp-json\/wp\/v2\/media?parent=10989"}],"wp:term":[{"taxonomy":"category","embeddable":true,"href":"https:\/\/987aldia.com\/web\/wp-json\/wp\/v2\/categories?post=10989"},{"taxonomy":"post_tag","embeddable":true,"href":"https:\/\/987aldia.com\/web\/wp-json\/wp\/v2\/tags?post=10989"}],"curies":[{"name":"wp","href":"https:\/\/api.w.org\/{rel}","templated":true}]}}