{"id":11008,"date":"2025-11-22T12:00:12","date_gmt":"2025-11-22T11:00:12","guid":{"rendered":"https:\/\/987aldia.com\/web\/manueco-expresa-su-profundo-dolor-por-el-accidente-en-vega-de-rengos\/"},"modified":"2025-11-22T12:00:12","modified_gmt":"2025-11-22T11:00:12","slug":"manueco-expresa-su-profundo-dolor-por-el-accidente-en-vega-de-rengos","status":"publish","type":"post","link":"https:\/\/987aldia.com\/web\/manueco-expresa-su-profundo-dolor-por-el-accidente-en-vega-de-rengos\/","title":{"rendered":"Ma\u00f1ueco expresa su \u00abprofundo dolor\u00bb por el accidente en Vega de Rengos"},"content":{"rendered":"<p>El presidente de la Junta de Castilla y Le\u00f3n, Alfonso Fern\u00e1ndez Ma\u00f1ueco, ha manifestado su \u00abprofundo dolor\u00bb por el fallecimiento de trabajadores en un accidente ocurrido en una explotaci\u00f3n minera en Vega de Rengos, Asturias. El incidente, que tuvo lugar el 22 de noviembre de 2025, result\u00f3 en la muerte de al menos dos mineros debido a un derrumbe.<\/p>\n<p>Ma\u00f1ueco, conocido por su amplio conocimiento del sector minero debido a la experiencia acumulada durante la \u00e9poca dorada de la miner\u00eda en Castilla y Le\u00f3n, una de las regiones con m\u00e1s explotaciones de gran tama\u00f1o en Europa, expres\u00f3 su consternaci\u00f3n a trav\u00e9s de la red social X. En su mensaje, subray\u00f3 la falta de palabras para describir el \u00abprofundo dolor\u00bb que siente por los trabajadores fallecidos, sus familias y compa\u00f1eros.<\/p>\n<p>El presidente tambi\u00e9n ha puesto a disposici\u00f3n del Principado de Asturias los recursos de la Junta de Castilla y Le\u00f3n, ofreciendo \u00abayudar en todo lo que requieran\u00bb. Este gesto de solidaridad subraya la colaboraci\u00f3n interregional en momentos de crisis, destacando la importancia de la cooperaci\u00f3n entre comunidades aut\u00f3nomas.<\/p>\n<p>El accidente en Vega de Rengos ha tenido un fuerte impacto en la comunidad local y ha reavivado el debate sobre la seguridad en las explotaciones mineras. Castilla y Le\u00f3n, con una rica historia minera, ha sido testigo de numerosas tragedias similares, lo que ha llevado a un enfoque m\u00e1s riguroso en las medidas de seguridad en la regi\u00f3n.<\/p>\n<p>A nivel auton\u00f3mico, la respuesta de Ma\u00f1ueco ha sido bien recibida, destac\u00e1ndose su compromiso con la seguridad laboral y el bienestar de los trabajadores. La tragedia en Asturias resalta la necesidad de continuar mejorando las condiciones de trabajo en el sector minero, un tema que sigue siendo prioritario en la agenda pol\u00edtica de Castilla y Le\u00f3n.<\/p>\n<p>En el futuro, se espera que las investigaciones sobre el accidente arrojen luz sobre las causas del derrumbe, lo que podr\u00eda llevar a la implementaci\u00f3n de nuevas normativas de seguridad. Mientras tanto, el apoyo interregional y la solidaridad contin\u00faan siendo fundamentales para enfrentar las consecuencias de este tr\u00e1gico suceso.<\/p>\n","protected":false},"excerpt":{"rendered":"<p>El presidente de Castilla y Le\u00f3n ofrece apoyo al Principado de Asturias tras el tr\u00e1gico accidente minero.<\/p>\n","protected":false},"author":1,"featured_media":11009,"comment_status":"open","ping_status":"closed","sticky":false,"template":"","format":"standard","meta":{"_monsterinsights_skip_tracking":false,"_monsterinsights_sitenote_active":false,"_monsterinsights_sitenote_note":"","_monsterinsights_sitenote_category":0,"site-container-style":"default","site-container-layout":"default","site-sidebar-layout":"default","disable-article-header":"default","disable-site-header":"default","disable-site-footer":"default","disable-content-area-spacing":"default","_jetpack_memberships_contains_paid_content":false,"footnotes":"","jetpack_publicize_message":"","jetpack_publicize_feature_enabled":true,"jetpack_social_post_already_shared":true,"jetpack_social_options":{"image_generator_settings":{"template":"highway","default_image_id":0,"font":"","enabled":false},"version":2}},"categories":[1],"tags":[],"class_list":["post-11008","post","type-post","status-publish","format-standard","has-post-thumbnail","hentry","category-uncategorized"],"jetpack_publicize_connections":[],"jetpack_featured_media_url":"https:\/\/987aldia.com\/web\/wp-content\/uploads\/2025\/11\/articulo_20251122_110000_9fQ0zO.webp","jetpack_sharing_enabled":true,"_links":{"self":[{"href":"https:\/\/987aldia.com\/web\/wp-json\/wp\/v2\/posts\/11008","targetHints":{"allow":["GET"]}}],"collection":[{"href":"https:\/\/987aldia.com\/web\/wp-json\/wp\/v2\/posts"}],"about":[{"href":"https:\/\/987aldia.com\/web\/wp-json\/wp\/v2\/types\/post"}],"author":[{"embeddable":true,"href":"https:\/\/987aldia.com\/web\/wp-json\/wp\/v2\/users\/1"}],"replies":[{"embeddable":true,"href":"https:\/\/987aldia.com\/web\/wp-json\/wp\/v2\/comments?post=11008"}],"version-history":[{"count":0,"href":"https:\/\/987aldia.com\/web\/wp-json\/wp\/v2\/posts\/11008\/revisions"}],"wp:featuredmedia":[{"embeddable":true,"href":"https:\/\/987aldia.com\/web\/wp-json\/wp\/v2\/media\/11009"}],"wp:attachment":[{"href":"https:\/\/987aldia.com\/web\/wp-json\/wp\/v2\/media?parent=11008"}],"wp:term":[{"taxonomy":"category","embeddable":true,"href":"https:\/\/987aldia.com\/web\/wp-json\/wp\/v2\/categories?post=11008"},{"taxonomy":"post_tag","embeddable":true,"href":"https:\/\/987aldia.com\/web\/wp-json\/wp\/v2\/tags?post=11008"}],"curies":[{"name":"wp","href":"https:\/\/api.w.org\/{rel}","templated":true}]}}