{"id":11010,"date":"2025-11-22T12:07:49","date_gmt":"2025-11-22T11:07:49","guid":{"rendered":"https:\/\/987aldia.com\/web\/leon-nunca-olvidara-triana-martinez-obtiene-permiso-penitenciario-tras-condena-por-asesinato-de-isabel-carrasco\/"},"modified":"2025-11-22T12:07:49","modified_gmt":"2025-11-22T11:07:49","slug":"leon-nunca-olvidara-triana-martinez-obtiene-permiso-penitenciario-tras-condena-por-asesinato-de-isabel-carrasco","status":"publish","type":"post","link":"https:\/\/987aldia.com\/web\/leon-nunca-olvidara-triana-martinez-obtiene-permiso-penitenciario-tras-condena-por-asesinato-de-isabel-carrasco\/","title":{"rendered":"Le\u00f3n nunca olvidar\u00e1: Triana Mart\u00ednez obtiene permiso penitenciario tras condena por asesinato de Isabel Carrasco"},"content":{"rendered":"<p>La Justicia espa\u00f1ola ha concedido el primer permiso penitenciario a Triana Mart\u00ednez tras once a\u00f1os y medio de prisi\u00f3n efectiva. El Juzgado de Vigilancia Penitenciaria de Oviedo ha autorizado esta salida temporal de tres d\u00edas despu\u00e9s de catorce denegaciones consecutivas. Mart\u00ednez, de 45 a\u00f1os, fue condenada a 20 a\u00f1os por  el asesinato de Isabel Carrasco, entonces presidenta de la Diputaci\u00f3n de Le\u00f3n, ocurrido el 12 de mayo de 2014. Este permiso llega en un momento clave, ya que ha cumplido m\u00e1s de la mitad de su condena, un periodo que el Juzgado considera suficiente para evaluar su evoluci\u00f3n y grado de reinserci\u00f3n dentro de los m\u00e1rgenes legales aplicables.<br \/>\nLa opini\u00f3n de los leoneses es bien diferente, a las 45 negativas de permiso, deber\u00edan seguirle otras 45 m\u00e1s.<br \/>\nSeg\u00fan fuentes penitenciarias, la actitud de Triana dentro del centro ha experimentado una evoluci\u00f3n positiva. La interna \u00abparticipa activamente en labores internas de la prisi\u00f3n\u00bb, y es considerada una \u00abactiva colaboradora\u00bb en la vida diaria del r\u00e9gimen interno. Durante los \u00faltimos a\u00f1os, la situaci\u00f3n personal de Triana Mart\u00ednez ha experimentado cambios significativos. Uno de los m\u00e1s relevantes fue la autorizaci\u00f3n por parte de Instituciones Penitenciarias del traslado a Villanubla de su pareja, R.C., interno condenado por un delito de robo, despu\u00e9s de que ambos formalizaran su uni\u00f3n como pareja de hecho. Le\u00f3n y su provincia nunca perdonar\u00e1n el acto perpetrado por la ahora liberada de su pena de prisi\u00f3n, el da\u00f1o a la familia de la se\u00f1ora Carrasco nunca ser\u00e1 restablecido. Este permiso penitenciario, aunque temporal, ha generado un profundo impacto en la comunidad local y en la provincia de Le\u00f3n, donde el recuerdo de Isabel Carrasco sigue muy presente. La decisi\u00f3n judicial ha sido recibida con sentimientos encontrados, reflejando el dolor persistente de la familia y de la comunidad que a\u00fan llora su p\u00e9rdida. En el caso de Triana Mart\u00ednez, su fecha prevista de libertad est\u00e1 fijada para 2034, aunque los beneficios penitenciarios podr\u00edan adelantarla. La comunidad de Castilla y Le\u00f3n sigue atenta a los desarrollos de este caso, que contin\u00faa siendo un recordatorio doloroso de los eventos tr\u00e1gicos que sacudieron a la regi\u00f3n.<\/p>\n","protected":false},"excerpt":{"rendered":"<p>La asesina de la presidenta de la Diputaci\u00f3n de Le\u00f3n podr\u00e1 salir tres d\u00edas bajo estrictos mandatos judiciales.<\/p>\n","protected":false},"author":1,"featured_media":11011,"comment_status":"open","ping_status":"closed","sticky":false,"template":"","format":"standard","meta":{"_monsterinsights_skip_tracking":false,"_monsterinsights_sitenote_active":false,"_monsterinsights_sitenote_note":"","_monsterinsights_sitenote_category":0,"site-container-style":"default","site-container-layout":"default","site-sidebar-layout":"default","disable-article-header":"default","disable-site-header":"default","disable-site-footer":"default","disable-content-area-spacing":"default","_jetpack_memberships_contains_paid_content":false,"footnotes":"","jetpack_publicize_message":"","jetpack_publicize_feature_enabled":true,"jetpack_social_post_already_shared":true,"jetpack_social_options":{"image_generator_settings":{"template":"highway","default_image_id":0,"font":"","enabled":false},"version":2}},"categories":[1],"tags":[],"class_list":["post-11010","post","type-post","status-publish","format-standard","has-post-thumbnail","hentry","category-uncategorized"],"jetpack_publicize_connections":[],"jetpack_featured_media_url":"https:\/\/987aldia.com\/web\/wp-content\/uploads\/2025\/11\/articulo_20251122_110736_tTEb9t.jpg","jetpack_sharing_enabled":true,"_links":{"self":[{"href":"https:\/\/987aldia.com\/web\/wp-json\/wp\/v2\/posts\/11010","targetHints":{"allow":["GET"]}}],"collection":[{"href":"https:\/\/987aldia.com\/web\/wp-json\/wp\/v2\/posts"}],"about":[{"href":"https:\/\/987aldia.com\/web\/wp-json\/wp\/v2\/types\/post"}],"author":[{"embeddable":true,"href":"https:\/\/987aldia.com\/web\/wp-json\/wp\/v2\/users\/1"}],"replies":[{"embeddable":true,"href":"https:\/\/987aldia.com\/web\/wp-json\/wp\/v2\/comments?post=11010"}],"version-history":[{"count":0,"href":"https:\/\/987aldia.com\/web\/wp-json\/wp\/v2\/posts\/11010\/revisions"}],"wp:featuredmedia":[{"embeddable":true,"href":"https:\/\/987aldia.com\/web\/wp-json\/wp\/v2\/media\/11011"}],"wp:attachment":[{"href":"https:\/\/987aldia.com\/web\/wp-json\/wp\/v2\/media?parent=11010"}],"wp:term":[{"taxonomy":"category","embeddable":true,"href":"https:\/\/987aldia.com\/web\/wp-json\/wp\/v2\/categories?post=11010"},{"taxonomy":"post_tag","embeddable":true,"href":"https:\/\/987aldia.com\/web\/wp-json\/wp\/v2\/tags?post=11010"}],"curies":[{"name":"wp","href":"https:\/\/api.w.org\/{rel}","templated":true}]}}