{"id":11012,"date":"2025-11-22T12:18:00","date_gmt":"2025-11-22T11:18:00","guid":{"rendered":"https:\/\/987aldia.com\/web\/escasa-participacion-en-la-manifestacion-por-los-incendios-en-la-capital-leonesa-pero-muy-critica-con-el-gobierno-central-y-sus-politicas-de-recorte-y-castigo-a-las-areas-rurales\/"},"modified":"2025-11-22T12:18:00","modified_gmt":"2025-11-22T11:18:00","slug":"escasa-participacion-en-la-manifestacion-por-los-incendios-en-la-capital-leonesa-pero-muy-critica-con-el-gobierno-central-y-sus-politicas-de-recorte-y-castigo-a-las-areas-rurales","status":"publish","type":"post","link":"https:\/\/987aldia.com\/web\/escasa-participacion-en-la-manifestacion-por-los-incendios-en-la-capital-leonesa-pero-muy-critica-con-el-gobierno-central-y-sus-politicas-de-recorte-y-castigo-a-las-areas-rurales\/","title":{"rendered":"Escasa participaci\u00f3n en la manifestaci\u00f3n por los incendios en la capital leonesa pero muy cr\u00edtica con el gobierno central y sus pol\u00edticas de recorte y castigo a las \u00e1reas rurales."},"content":{"rendered":"<p>La manifestaci\u00f3n en la capital leonesa, aunque con una participaci\u00f3n limitada, fue contundente en su cr\u00edtica hacia el gobierno central por su gesti\u00f3n de los incendios en la regi\u00f3n. Los manifestantes reclamaron la aplicaci\u00f3n del art\u00edculo 28 de la Ley 17\/2015 del Sistema Nacional de Protecci\u00f3n Civil, solicitando que el Gobierno de Espa\u00f1a declare la situaci\u00f3n de emergencia de inter\u00e9s nacional. Esto permitir\u00eda movilizar recursos estatales extraordinarios para enfrentar la crisis.<\/p>\n<p>\u00abEl aire en las comarcas leonesas era irrespirable, el futuro de nuestros montes y la seguridad de nuestros pueblos estaba en juego, mientras el gobierno central se dedicaba a escribir mensajes en redes sociales.<br \/>\nNo podemos esperar m\u00e1s\u00bb, advirtieron los organizadores, instando al Ejecutivo central a ser responsable tanto en la aportaci\u00f3n de medios como en mostrarse colaborativo en posibles cat\u00e1strofes  futuras.<br \/>\nLa concentraci\u00f3n, que concluy\u00f3 entre aplausos, reafirm\u00f3 el compromiso de mantener la presi\u00f3n social hasta que el gobierno act\u00fae con contundencia  y responsabilidad.<\/p>\n<p> Estos incendios, tanto en duraci\u00f3n como en poder destructivo, han sido de extrema gravedad, destacando el de La Carballeda o Zamora-Le\u00f3n, el m\u00e1s grande de la historia de Espa\u00f1a desde que hay registros estad\u00edsticos consolidados hace 50 a\u00f1os.<\/p>\n<p>La poblaci\u00f3n es consciente de que la situaci\u00f3n de este verano fue excepcional y que solo los multitudinarios medios t\u00e9cnicos y humanos aportados por la comunidad aut\u00f3noma de Castilla y Le\u00f3n permitieron evitar que la tragedia fuera a\u00fan mayor. De quedar en manos del estado, tal vez estar\u00edamos en estos momentos en una situaci\u00f3n similar a Valencia tras las inundaciones, por el abandono habitual del gobierno de Espa\u00f1a en cada cat\u00e1strofe que acontece.<\/p>\n<p>El impacto local es significativo, con la comunidad de Castilla y Le\u00f3n jugando un papel crucial en la respuesta a la crisis. Las comparaciones con otras regiones afectadas por desastres naturales resaltan la necesidad de una respuesta m\u00e1s coordinada y eficaz a nivel nacional.<\/p>\n<p>Se espera que el gobierno central tome medidas m\u00e1s decisivas para prevenir futuras cat\u00e1strofes y apoyar a las comunidades afectadas, garantizando la seguridad y el bienestar de sus habitantes.<\/p>\n","protected":false},"excerpt":{"rendered":"<p>La protesta exige medidas urgentes ante la situaci\u00f3n cr\u00edtica en las comarcas leonesas.<\/p>\n","protected":false},"author":1,"featured_media":11013,"comment_status":"open","ping_status":"closed","sticky":false,"template":"","format":"standard","meta":{"_monsterinsights_skip_tracking":false,"_monsterinsights_sitenote_active":false,"_monsterinsights_sitenote_note":"","_monsterinsights_sitenote_category":0,"site-container-style":"default","site-container-layout":"default","site-sidebar-layout":"default","disable-article-header":"default","disable-site-header":"default","disable-site-footer":"default","disable-content-area-spacing":"default","_jetpack_memberships_contains_paid_content":false,"footnotes":"","jetpack_publicize_message":"","jetpack_publicize_feature_enabled":true,"jetpack_social_post_already_shared":true,"jetpack_social_options":{"image_generator_settings":{"template":"highway","default_image_id":0,"font":"","enabled":false},"version":2}},"categories":[1],"tags":[],"class_list":["post-11012","post","type-post","status-publish","format-standard","has-post-thumbnail","hentry","category-uncategorized"],"jetpack_publicize_connections":[],"jetpack_featured_media_url":"https:\/\/987aldia.com\/web\/wp-content\/uploads\/2025\/11\/especialidad_article_20251122_111327_WPNDKE.png","jetpack_sharing_enabled":true,"_links":{"self":[{"href":"https:\/\/987aldia.com\/web\/wp-json\/wp\/v2\/posts\/11012","targetHints":{"allow":["GET"]}}],"collection":[{"href":"https:\/\/987aldia.com\/web\/wp-json\/wp\/v2\/posts"}],"about":[{"href":"https:\/\/987aldia.com\/web\/wp-json\/wp\/v2\/types\/post"}],"author":[{"embeddable":true,"href":"https:\/\/987aldia.com\/web\/wp-json\/wp\/v2\/users\/1"}],"replies":[{"embeddable":true,"href":"https:\/\/987aldia.com\/web\/wp-json\/wp\/v2\/comments?post=11012"}],"version-history":[{"count":0,"href":"https:\/\/987aldia.com\/web\/wp-json\/wp\/v2\/posts\/11012\/revisions"}],"wp:featuredmedia":[{"embeddable":true,"href":"https:\/\/987aldia.com\/web\/wp-json\/wp\/v2\/media\/11013"}],"wp:attachment":[{"href":"https:\/\/987aldia.com\/web\/wp-json\/wp\/v2\/media?parent=11012"}],"wp:term":[{"taxonomy":"category","embeddable":true,"href":"https:\/\/987aldia.com\/web\/wp-json\/wp\/v2\/categories?post=11012"},{"taxonomy":"post_tag","embeddable":true,"href":"https:\/\/987aldia.com\/web\/wp-json\/wp\/v2\/tags?post=11012"}],"curies":[{"name":"wp","href":"https:\/\/api.w.org\/{rel}","templated":true}]}}