{"id":11018,"date":"2025-11-22T12:55:44","date_gmt":"2025-11-22T11:55:44","guid":{"rendered":"https:\/\/987aldia.com\/web\/la-junta-acerca-a-18-000-alumnos-de-castilla-y-leon-la-memoria-de-las-victimas-del-terrorismo\/"},"modified":"2025-11-22T12:55:44","modified_gmt":"2025-11-22T11:55:44","slug":"la-junta-acerca-a-18-000-alumnos-de-castilla-y-leon-la-memoria-de-las-victimas-del-terrorismo","status":"publish","type":"post","link":"https:\/\/987aldia.com\/web\/la-junta-acerca-a-18-000-alumnos-de-castilla-y-leon-la-memoria-de-las-victimas-del-terrorismo\/","title":{"rendered":"La Junta acerca a 18.000 alumnos de Castilla y Le\u00f3n la memoria de las v\u00edctimas del terrorismo"},"content":{"rendered":"<p>La Junta de Castilla y Le\u00f3n ha lanzado una iniciativa educativa para promover valores como la verdad, la justicia y la libertad entre los estudiantes. Desde el curso 2017-2018, la Consejer\u00eda de Educaci\u00f3n, en colaboraci\u00f3n con el Comisionado para las V\u00edctimas del Terrorismo y la Asociaci\u00f3n de V\u00edctimas del Terrorismo de Castilla y Le\u00f3n (AVTCyL), ha impulsado el programa &#8216;Testimonio de V\u00edctimas del Terrorismo en las Aulas&#8217;.<\/p>\n<p>El 21 de noviembre de 2025, los consejeros Luis Miguel Gonz\u00e1lez Gago y Roc\u00edo Lucas presentaron una charla en el Colegio &#8216;Nuestra Se\u00f1ora del Rosario&#8217; de Valladolid, impartida por Jos\u00e9 Antonio Ortega Lara, quien comparti\u00f3 su experiencia tras ser secuestrado por ETA durante 532 d\u00edas.<\/p>\n<p>Roc\u00edo Lucas destac\u00f3 que el objetivo del programa es \u00absensibilizar a los estudiantes sobre las consecuencias tr\u00e1gicas del terrorismo\u00bb y fomentar el rechazo a la violencia. Luis Miguel Gonz\u00e1lez Gago reafirm\u00f3 el compromiso del Gobierno auton\u00f3mico con la memoria y dignidad de las v\u00edctimas, asegurando que \u00abel testimonio de las v\u00edctimas seguir\u00e1 ocupando un lugar central en nuestra sociedad\u00bb.<\/p>\n<p>El programa ha alcanzado a cerca de 18.000 alumnos de m\u00e1s de 200 centros en Castilla y Le\u00f3n. Se estructura en dos partes: trabajo en el aula y encuentros con v\u00edctimas, abarcando asignaturas como Geograf\u00eda e Historia y Filosof\u00eda. Este curso, se prev\u00e9 que los ponentes visiten 59 colegios e institutos.<\/p>\n<p>Con esta iniciativa, la Junta de Castilla y Le\u00f3n busca mantener viva la memoria de las v\u00edctimas del terrorismo, educando a las nuevas generaciones sobre la importancia de la paz y el respeto a los derechos humanos.<\/p>\n","protected":false},"excerpt":{"rendered":"<p>Los consejeros de la Presidencia y de Educaci\u00f3n han presentado una charla sobre el secuestro de Jos\u00e9 Antonio Ortega Lara.<\/p>\n","protected":false},"author":1,"featured_media":11019,"comment_status":"open","ping_status":"closed","sticky":false,"template":"","format":"standard","meta":{"_monsterinsights_skip_tracking":false,"_monsterinsights_sitenote_active":false,"_monsterinsights_sitenote_note":"","_monsterinsights_sitenote_category":0,"site-container-style":"default","site-container-layout":"default","site-sidebar-layout":"default","disable-article-header":"default","disable-site-header":"default","disable-site-footer":"default","disable-content-area-spacing":"default","_jetpack_memberships_contains_paid_content":false,"footnotes":"","jetpack_publicize_message":"","jetpack_publicize_feature_enabled":true,"jetpack_social_post_already_shared":true,"jetpack_social_options":{"image_generator_settings":{"template":"highway","default_image_id":0,"font":"","enabled":false},"version":2}},"categories":[1],"tags":[],"class_list":["post-11018","post","type-post","status-publish","format-standard","has-post-thumbnail","hentry","category-uncategorized"],"jetpack_publicize_connections":[],"jetpack_featured_media_url":"https:\/\/987aldia.com\/web\/wp-content\/uploads\/2025\/11\/articulo_20251122_115530_iFBNzk.png","jetpack_sharing_enabled":true,"_links":{"self":[{"href":"https:\/\/987aldia.com\/web\/wp-json\/wp\/v2\/posts\/11018","targetHints":{"allow":["GET"]}}],"collection":[{"href":"https:\/\/987aldia.com\/web\/wp-json\/wp\/v2\/posts"}],"about":[{"href":"https:\/\/987aldia.com\/web\/wp-json\/wp\/v2\/types\/post"}],"author":[{"embeddable":true,"href":"https:\/\/987aldia.com\/web\/wp-json\/wp\/v2\/users\/1"}],"replies":[{"embeddable":true,"href":"https:\/\/987aldia.com\/web\/wp-json\/wp\/v2\/comments?post=11018"}],"version-history":[{"count":0,"href":"https:\/\/987aldia.com\/web\/wp-json\/wp\/v2\/posts\/11018\/revisions"}],"wp:featuredmedia":[{"embeddable":true,"href":"https:\/\/987aldia.com\/web\/wp-json\/wp\/v2\/media\/11019"}],"wp:attachment":[{"href":"https:\/\/987aldia.com\/web\/wp-json\/wp\/v2\/media?parent=11018"}],"wp:term":[{"taxonomy":"category","embeddable":true,"href":"https:\/\/987aldia.com\/web\/wp-json\/wp\/v2\/categories?post=11018"},{"taxonomy":"post_tag","embeddable":true,"href":"https:\/\/987aldia.com\/web\/wp-json\/wp\/v2\/tags?post=11018"}],"curies":[{"name":"wp","href":"https:\/\/api.w.org\/{rel}","templated":true}]}}