{"id":11040,"date":"2025-11-23T13:38:28","date_gmt":"2025-11-23T12:38:28","guid":{"rendered":"https:\/\/987aldia.com\/web\/la-tragedia-minera-en-villablino-el-dolor-persiste\/"},"modified":"2025-11-23T13:38:28","modified_gmt":"2025-11-23T12:38:28","slug":"la-tragedia-minera-en-villablino-el-dolor-persiste","status":"publish","type":"post","link":"https:\/\/987aldia.com\/web\/la-tragedia-minera-en-villablino-el-dolor-persiste\/","title":{"rendered":"La tragedia minera en Villablino: el dolor persiste"},"content":{"rendered":"<p>Consternaci\u00f3n, dolor y rabia son los sentimientos que afloran en Villablino tras el reciente accidente minero que cobr\u00f3 la vida de Anilson Su\u00e1rez, un joven de 42 a\u00f1os originario de Caboalles de Abajo. El tr\u00e1gico suceso ocurri\u00f3 el pasado viernes en una explotaci\u00f3n minera subterr\u00e1nea en Cangas del Narcea, Asturias, debido a un hundimiento del terreno. La misa funeral se celebrar\u00e1 el domingo a las 16:00 horas en la iglesia de Caboalles de Abajo, mientras que el lunes se llevar\u00e1 a cabo otra ceremonia en Posada de Rengos. <\/p>\n<p>El alcalde de Villablino, Mario Rivas, ha decretado dos d\u00edas de luto oficial en solidaridad con la familia y la comunidad minera, que ha sufrido p\u00e9rdidas similares en el pasado. Rivas destac\u00f3 el dolor de perder a compa\u00f1eros en tan poco tiempo y record\u00f3 la necesidad de buscar alternativas de empleo para los j\u00f3venes de la comarca. Por su parte, el regidor de Cangas del Narcea tambi\u00e9n expres\u00f3 su pesar y suspendi\u00f3 todos los actos p\u00fablicos previstos. <\/p>\n<p>La comunidad de Villablino ha mostrado su apoyo a la familia de Anilson Su\u00e1rez, pasando por el tanatorio y dejando mensajes de condolencia en redes sociales. Este accidente trae a la memoria el dolor de tragedias pasadas, como la ocurrida en 1999, que tambi\u00e9n dej\u00f3 una profunda huella en la regi\u00f3n. <\/p>\n<p>El impacto de este suceso es significativo en Villablino y sus alrededores, donde la miner\u00eda ha sido una fuente de empleo crucial. Sin embargo, la disminuci\u00f3n de la actividad minera ha dejado a muchos sin alternativas laborales, aumentando la sensaci\u00f3n de impotencia y desesperanza. <\/p>\n<p>A nivel auton\u00f3mico, la tragedia resalta la necesidad de implementar medidas de seguridad m\u00e1s estrictas en las minas y de diversificar la econom\u00eda de la regi\u00f3n para evitar que las familias dependan exclusivamente de la miner\u00eda. <\/p>\n<p>En el futuro, se espera que las autoridades locales y auton\u00f3micas trabajen en conjunto para mejorar las condiciones laborales y ofrecer nuevas oportunidades econ\u00f3micas. Mientras tanto, la comunidad de Villablino se une en el dolor y la solidaridad, esperando que tragedias como esta no se repitan.<\/p>\n","protected":false},"excerpt":{"rendered":"<p>La comunidad de Villablino se enfrenta a una nueva p\u00e9rdida tras un accidente minero en Cangas del Narcea.<\/p>\n","protected":false},"author":1,"featured_media":11041,"comment_status":"open","ping_status":"closed","sticky":false,"template":"","format":"standard","meta":{"_monsterinsights_skip_tracking":false,"_monsterinsights_sitenote_active":false,"_monsterinsights_sitenote_note":"","_monsterinsights_sitenote_category":0,"site-container-style":"default","site-container-layout":"default","site-sidebar-layout":"default","disable-article-header":"default","disable-site-header":"default","disable-site-footer":"default","disable-content-area-spacing":"default","_jetpack_memberships_contains_paid_content":false,"footnotes":"","jetpack_publicize_message":"","jetpack_publicize_feature_enabled":true,"jetpack_social_post_already_shared":true,"jetpack_social_options":{"image_generator_settings":{"template":"highway","default_image_id":0,"font":"","enabled":false},"version":2}},"categories":[1],"tags":[],"class_list":["post-11040","post","type-post","status-publish","format-standard","has-post-thumbnail","hentry","category-uncategorized"],"jetpack_publicize_connections":[],"jetpack_featured_media_url":"https:\/\/987aldia.com\/web\/wp-content\/uploads\/2025\/11\/especialidad_article_20251123_123031_2jvxe1.png","jetpack_sharing_enabled":true,"_links":{"self":[{"href":"https:\/\/987aldia.com\/web\/wp-json\/wp\/v2\/posts\/11040","targetHints":{"allow":["GET"]}}],"collection":[{"href":"https:\/\/987aldia.com\/web\/wp-json\/wp\/v2\/posts"}],"about":[{"href":"https:\/\/987aldia.com\/web\/wp-json\/wp\/v2\/types\/post"}],"author":[{"embeddable":true,"href":"https:\/\/987aldia.com\/web\/wp-json\/wp\/v2\/users\/1"}],"replies":[{"embeddable":true,"href":"https:\/\/987aldia.com\/web\/wp-json\/wp\/v2\/comments?post=11040"}],"version-history":[{"count":0,"href":"https:\/\/987aldia.com\/web\/wp-json\/wp\/v2\/posts\/11040\/revisions"}],"wp:featuredmedia":[{"embeddable":true,"href":"https:\/\/987aldia.com\/web\/wp-json\/wp\/v2\/media\/11041"}],"wp:attachment":[{"href":"https:\/\/987aldia.com\/web\/wp-json\/wp\/v2\/media?parent=11040"}],"wp:term":[{"taxonomy":"category","embeddable":true,"href":"https:\/\/987aldia.com\/web\/wp-json\/wp\/v2\/categories?post=11040"},{"taxonomy":"post_tag","embeddable":true,"href":"https:\/\/987aldia.com\/web\/wp-json\/wp\/v2\/tags?post=11040"}],"curies":[{"name":"wp","href":"https:\/\/api.w.org\/{rel}","templated":true}]}}