{"id":11056,"date":"2025-11-23T15:52:21","date_gmt":"2025-11-23T14:52:21","guid":{"rendered":"https:\/\/987aldia.com\/web\/la-junta-de-castilla-y-leon-habilita-la-cita-previa-para-ayudas-al-alquiler-2025-2\/"},"modified":"2025-11-23T15:52:21","modified_gmt":"2025-11-23T14:52:21","slug":"la-junta-de-castilla-y-leon-habilita-la-cita-previa-para-ayudas-al-alquiler-2025-2","status":"publish","type":"post","link":"https:\/\/987aldia.com\/web\/la-junta-de-castilla-y-leon-habilita-la-cita-previa-para-ayudas-al-alquiler-2025-2\/","title":{"rendered":"La Junta de Castilla y Le\u00f3n habilita la cita previa para ayudas al alquiler 2025"},"content":{"rendered":"<p>La Junta de Castilla y Le\u00f3n, a trav\u00e9s de la Consejer\u00eda de Medio Ambiente, Vivienda y Ordenaci\u00f3n del Territorio, ha anunciado la implementaci\u00f3n de un sistema de cita previa para la tramitaci\u00f3n presencial de las ayudas al alquiler para el a\u00f1o 2025. Esta medida busca facilitar el acceso a la vivienda en r\u00e9gimen de alquiler a personas y familias con recursos econ\u00f3micos limitados.<\/p>\n<p>El anuncio se realiz\u00f3 el 21 de noviembre de 2025, estableciendo que el plazo para la presentaci\u00f3n de solicitudes ser\u00e1 del 1 de diciembre de 2025 al 30 de enero de 2026. Las provincias con mayor volumen de solicitudes, como Burgos, Le\u00f3n, Salamanca y Valladolid, podr\u00e1n beneficiarse de este sistema de cita previa, que se puede gestionar a trav\u00e9s del portal oficial o mediante atenci\u00f3n telef\u00f3nica al n\u00famero 983 450 544, en horario de 8:30 AM a 13:30 PM.<\/p>\n<p>La Junta recomienda la presentaci\u00f3n telem\u00e1tica de las solicitudes para agilizar el proceso y evitar desplazamientos innecesarios. Toda la informaci\u00f3n relevante sobre requisitos, documentaci\u00f3n y procedimiento est\u00e1 disponible en el portal de Vivienda de la Junta de Castilla y Le\u00f3n.<\/p>\n<p>Este esfuerzo por parte de la Junta de Castilla y Le\u00f3n destaca la falta de medidas similares por parte del gobierno central, subrayando la proactividad de la administraci\u00f3n auton\u00f3mica en la gesti\u00f3n de ayudas sociales. La convocatoria, publicada en el Bolet\u00edn Oficial de Castilla y Le\u00f3n el 21 de octubre de 2025, est\u00e1 dirigida a personas mayores de edad que cumplan con los requisitos establecidos.<\/p>\n<p>El impacto de esta medida se espera que sea significativo en las provincias mencionadas, donde la demanda de ayudas al alquiler es especialmente alta. A nivel auton\u00f3mico, esta iniciativa podr\u00eda servir como modelo para otras regiones en la gesti\u00f3n de ayudas sociales.<\/p>\n<p>En el futuro, se prev\u00e9 que la Junta contin\u00fae desarrollando estrategias para mejorar el acceso a la vivienda, con posibles ampliaciones de los programas de ayuda y la implementaci\u00f3n de nuevas tecnolog\u00edas para facilitar los tr\u00e1mites administrativos.<\/p>\n","protected":false},"excerpt":{"rendered":"<p>La Junta de Castilla y Le\u00f3n toma la iniciativa y aporta los medios necesarios que el gobierno central no pone a disposici\u00f3n de los ciudadanos.<\/p>\n","protected":false},"author":1,"featured_media":11057,"comment_status":"open","ping_status":"closed","sticky":false,"template":"","format":"standard","meta":{"_monsterinsights_skip_tracking":false,"_monsterinsights_sitenote_active":false,"_monsterinsights_sitenote_note":"","_monsterinsights_sitenote_category":0,"site-container-style":"default","site-container-layout":"default","site-sidebar-layout":"default","disable-article-header":"default","disable-site-header":"default","disable-site-footer":"default","disable-content-area-spacing":"default","_jetpack_memberships_contains_paid_content":false,"footnotes":"","jetpack_publicize_message":"","jetpack_publicize_feature_enabled":true,"jetpack_social_post_already_shared":true,"jetpack_social_options":{"image_generator_settings":{"template":"highway","default_image_id":0,"font":"","enabled":false},"version":2}},"categories":[1],"tags":[],"class_list":["post-11056","post","type-post","status-publish","format-standard","has-post-thumbnail","hentry","category-uncategorized"],"jetpack_publicize_connections":[],"jetpack_featured_media_url":"https:\/\/987aldia.com\/web\/wp-content\/uploads\/2025\/11\/articulo_20251122_112207_dNSbsw-1.jpg","jetpack_sharing_enabled":true,"_links":{"self":[{"href":"https:\/\/987aldia.com\/web\/wp-json\/wp\/v2\/posts\/11056","targetHints":{"allow":["GET"]}}],"collection":[{"href":"https:\/\/987aldia.com\/web\/wp-json\/wp\/v2\/posts"}],"about":[{"href":"https:\/\/987aldia.com\/web\/wp-json\/wp\/v2\/types\/post"}],"author":[{"embeddable":true,"href":"https:\/\/987aldia.com\/web\/wp-json\/wp\/v2\/users\/1"}],"replies":[{"embeddable":true,"href":"https:\/\/987aldia.com\/web\/wp-json\/wp\/v2\/comments?post=11056"}],"version-history":[{"count":0,"href":"https:\/\/987aldia.com\/web\/wp-json\/wp\/v2\/posts\/11056\/revisions"}],"wp:featuredmedia":[{"embeddable":true,"href":"https:\/\/987aldia.com\/web\/wp-json\/wp\/v2\/media\/11057"}],"wp:attachment":[{"href":"https:\/\/987aldia.com\/web\/wp-json\/wp\/v2\/media?parent=11056"}],"wp:term":[{"taxonomy":"category","embeddable":true,"href":"https:\/\/987aldia.com\/web\/wp-json\/wp\/v2\/categories?post=11056"},{"taxonomy":"post_tag","embeddable":true,"href":"https:\/\/987aldia.com\/web\/wp-json\/wp\/v2\/tags?post=11056"}],"curies":[{"name":"wp","href":"https:\/\/api.w.org\/{rel}","templated":true}]}}