{"id":11078,"date":"2025-11-23T17:08:06","date_gmt":"2025-11-23T16:08:06","guid":{"rendered":"https:\/\/987aldia.com\/web\/jose-manuel-valle-folgueral-recibe-la-castana-de-oro-en-el-bierzo\/"},"modified":"2025-11-23T17:08:06","modified_gmt":"2025-11-23T16:08:06","slug":"jose-manuel-valle-folgueral-recibe-la-castana-de-oro-en-el-bierzo","status":"publish","type":"post","link":"https:\/\/987aldia.com\/web\/jose-manuel-valle-folgueral-recibe-la-castana-de-oro-en-el-bierzo\/","title":{"rendered":"Jos\u00e9 Manuel Valle Folgueral recibe la Casta\u00f1a de Oro en El Bierzo"},"content":{"rendered":"<p>El neurocirujano ponferradino Jos\u00e9 Manuel Valle Folgueral ha sido galardonado con la Casta\u00f1a de Oro de la Fundaci\u00f3n Prada a Tope. El premio ser\u00e1 entregado el jueves 4 de diciembre en el Palacio de Canedo, seg\u00fan ha anunciado la fundaci\u00f3n. Este reconocimiento destaca la trayectoria de Valle Folgueral, quien ha buscado la mejor formaci\u00f3n en neurocirug\u00eda a nivel mundial sin olvidar sus ra\u00edces en El Bierzo.<\/p>\n<p>La Fundaci\u00f3n Prada a Tope, presidida por Jos\u00e9 Luis Prada, otorga este galard\u00f3n para reconocer a personas o instituciones que defienden y promueven la tierra berciana. En palabras del jurado, \u00aben tiempos en los que el mercado mueve a los mejores profesionales del mundo, es un orgullo que un berciano compatibilice su pasi\u00f3n profesional con su defensa de su tierra\u00bb.<\/p>\n<p>Valle Folgueral ha sido reconocido por su labor en el Instituto de Patolog\u00eda Compleja de la Columna en Le\u00f3n, un proyecto que lleva su nombre. Este instituto es un ejemplo de c\u00f3mo la innovaci\u00f3n m\u00e9dica puede tener un impacto significativo en la regi\u00f3n.<\/p>\n<p>La Casta\u00f1a de Oro ha sido entregada en a\u00f1os anteriores a literatos, empresarios, m\u00fasicos y deportistas, entre otros. En 2024, la Banda de M\u00fasica Ciudad de Ponferrada fue la galardonada.<\/p>\n<p>Este reconocimiento no solo destaca la labor profesional de Valle Folgueral, sino que tambi\u00e9n resalta la importancia de mantener un v\u00ednculo con las ra\u00edces culturales y geogr\u00e1ficas. La entrega del premio en diciembre ser\u00e1 un evento significativo para la comunidad de El Bierzo, celebrando la excelencia y el compromiso con la tierra.<\/p>\n","protected":false},"excerpt":{"rendered":"<p>El neurocirujano es reconocido por su contribuci\u00f3n a la medicina y su v\u00ednculo con su tierra natal.<\/p>\n","protected":false},"author":1,"featured_media":11079,"comment_status":"open","ping_status":"closed","sticky":false,"template":"","format":"standard","meta":{"_monsterinsights_skip_tracking":false,"_monsterinsights_sitenote_active":false,"_monsterinsights_sitenote_note":"","_monsterinsights_sitenote_category":0,"site-container-style":"default","site-container-layout":"default","site-sidebar-layout":"default","disable-article-header":"default","disable-site-header":"default","disable-site-footer":"default","disable-content-area-spacing":"default","_jetpack_memberships_contains_paid_content":false,"footnotes":"","jetpack_publicize_message":"","jetpack_publicize_feature_enabled":true,"jetpack_social_post_already_shared":true,"jetpack_social_options":{"image_generator_settings":{"template":"highway","default_image_id":0,"font":"","enabled":false},"version":2}},"categories":[1],"tags":[],"class_list":["post-11078","post","type-post","status-publish","format-standard","has-post-thumbnail","hentry","category-uncategorized"],"jetpack_publicize_connections":[],"jetpack_featured_media_url":"https:\/\/987aldia.com\/web\/wp-content\/uploads\/2025\/11\/especialidad_article_20251123_155712_Dc0C3b.png","jetpack_sharing_enabled":true,"_links":{"self":[{"href":"https:\/\/987aldia.com\/web\/wp-json\/wp\/v2\/posts\/11078","targetHints":{"allow":["GET"]}}],"collection":[{"href":"https:\/\/987aldia.com\/web\/wp-json\/wp\/v2\/posts"}],"about":[{"href":"https:\/\/987aldia.com\/web\/wp-json\/wp\/v2\/types\/post"}],"author":[{"embeddable":true,"href":"https:\/\/987aldia.com\/web\/wp-json\/wp\/v2\/users\/1"}],"replies":[{"embeddable":true,"href":"https:\/\/987aldia.com\/web\/wp-json\/wp\/v2\/comments?post=11078"}],"version-history":[{"count":0,"href":"https:\/\/987aldia.com\/web\/wp-json\/wp\/v2\/posts\/11078\/revisions"}],"wp:featuredmedia":[{"embeddable":true,"href":"https:\/\/987aldia.com\/web\/wp-json\/wp\/v2\/media\/11079"}],"wp:attachment":[{"href":"https:\/\/987aldia.com\/web\/wp-json\/wp\/v2\/media?parent=11078"}],"wp:term":[{"taxonomy":"category","embeddable":true,"href":"https:\/\/987aldia.com\/web\/wp-json\/wp\/v2\/categories?post=11078"},{"taxonomy":"post_tag","embeddable":true,"href":"https:\/\/987aldia.com\/web\/wp-json\/wp\/v2\/tags?post=11078"}],"curies":[{"name":"wp","href":"https:\/\/api.w.org\/{rel}","templated":true}]}}