{"id":1108,"date":"2023-05-23T09:07:09","date_gmt":"2023-05-23T09:07:09","guid":{"rendered":"https:\/\/987aldia.com\/web\/?p=1108"},"modified":"2023-05-23T09:07:10","modified_gmt":"2023-05-23T09:07:10","slug":"arau-estara-abierto-en-octubre-para-iniciar-el-proximo-curso","status":"publish","type":"post","link":"https:\/\/987aldia.com\/web\/arau-estara-abierto-en-octubre-para-iniciar-el-proximo-curso\/","title":{"rendered":"Ara\u00fa estar\u00e1 abierto en octubre para iniciar el pr\u00f3ximo curso"},"content":{"rendered":"\n<h2 class=\"wp-block-heading\">La candidata a la Alcald\u00eda de San Andr\u00e9s del Rabanedo, Camino Caba\u00f1as, confirma que se han solventado ya todos los problemas t\u00e9cnicos as\u00ed como la falta de documentaci\u00f3n oficial para poder dar uso a este emblem\u00e1tico edificio.<\/h2>\n\n\n\n<p>La candidata del PSOE a la Alcald\u00eda de San Andr\u00e9s del Rabanedo, Camino Caba\u00f1as, ha confirmado este domingo que el edificio Ara\u00fa \u201cestar\u00e1 abierto el pr\u00f3ximo curso\u201d, una vez que se ha logrado poner fin a la falta de la documentaci\u00f3n t\u00e9cnica pertinente y se han visado ya los informes y proyectos. Hay que recordar que estos documentos \u201cno estaban legalizados despu\u00e9s de que las empresas que ejecutaron la rehabilitaci\u00f3n hayan desaparecido al haber ca\u00eddo en concurso de acreedores y su posterior liquidaci\u00f3n\u201d.<\/p>\n\n\n\n<p>Camino Caba\u00f1as recuerda que \u201cdurante el mandato pasado se estuvo negociando con el Gobierno la ejecuci\u00f3n del aval para que se arreglaran los desperfectos detectados, y no es hasta 2019 cuando se consigui\u00f3 que se hiciera\u201d.<\/p>\n\n\n\n<p>\u201cUna vez ejecutados estos arreglos, en 2020 ya hab\u00eda se hab\u00eda previsto una partida para las obras de adecuaci\u00f3n de las salas y los espacios necesarios para albergar la Escuela de M\u00fasica, pero al tener los presupuestos prorrogados, no se pudo culminar, con lo que ahora se puede ejecutar ya que s\u00ed la hay gracias a los remanentes positivos de tesorer\u00eda\u201d. \u201cNo obstante, cuando iniciamos los tr\u00e1mites, nos dimos cuenta de que hab\u00eda que contratar los documentos t\u00e9cnicos, con lo que durante el mandato del PP de 2011 a 2015 no se formalizaron, por lo que abrieron el edificio sin que pudieran tuvieran los permisos para ponerlo en funcionamiento\u201d, aclara Camino Caba\u00f1as.<\/p>\n\n\n\n<p>Una vez solventado este problema con el libro t\u00e9cnico, que ha impedido abrir con la legalidad vigente el edificio Ara\u00fa, \u201cse prev\u00e9 que este verano se pueda acondicionar y realizar las obras pertinentes, siempre que la ciudadan\u00eda deposite su confianza en el PSOE, puesto que se podr\u00eda empezar de inmediato con estos trabajos, adem\u00e1s de hacer la puesta a punto de la calefacci\u00f3n\u201d. El objetivo es que est\u00e9 abierto y en funcionamiento el pr\u00f3ximo curso, para as\u00ed albergar la sede de la Escuela de M\u00fasica y de la UNED de San Andr\u00e9s.<\/p>\n\n\n\n<p>Adem\u00e1s, \u201cse pretende utilizar este espacio como dinamizador cultural, adem\u00e1s de que pueda acoger un centro de interpretaci\u00f3n del Camino de Santiago, con el que se ponga de manifiesto la importancia del municipio en general y de Trobajo en particular en la Ruta Jacobea\u201d.<\/p>\n\n\n\n<p>Camino Caba\u00f1as tambi\u00e9n ha resaltado que \u201cal reducir la deuda un 32% durante este mandato, se ha incrementado en los \u00faltimos ejercicios la posibilidad de celebrar actividades culturales, de ocio y sociales para toda la ciudadan\u00eda, por lo que se prev\u00e9 multiplicar m\u00e1s si cabe este tipo de iniciativas con m\u00e1s fiestas, ferias, conciertos, festivales, exposiciones y ciclos\u201d, de ah\u00ed que colectivos como la juventud del municipio puedan ser los principales beneficiarios, como ya ha ocurrido con la celebraci\u00f3n de cert\u00e1menes como el Festival Urban Life o los de rock y pop de los \u00faltimos dos a\u00f1os, adem\u00e1s de la actuaci\u00f3n de Panorama. \u201cQueremos seguir en esta l\u00ednea, para as\u00ed promover las actividades destinadas a la juventud o a la infancia, tras el gran \u00e9xito del festival de magia, as\u00ed como fomentar las iniciativas culturales en favor de la dinamizaci\u00f3n y puesta en valor del patrimonio del municipio\u201d, ha resaltado Camino Caba\u00f1as.<\/p>\n","protected":false},"excerpt":{"rendered":"<p>La candidata a la Alcald\u00eda de San Andr\u00e9s del Rabanedo, Camino Caba\u00f1as, confirma que se han solventado ya todos los problemas t\u00e9cnicos as\u00ed como la falta de documentaci\u00f3n oficial para poder dar uso a este emblem\u00e1tico edificio. La candidata del PSOE a la Alcald\u00eda de San Andr\u00e9s del Rabanedo, Camino Caba\u00f1as, ha confirmado este domingo [&hellip;]<\/p>\n","protected":false},"author":1,"featured_media":1109,"comment_status":"open","ping_status":"closed","sticky":false,"template":"","format":"standard","meta":{"_monsterinsights_skip_tracking":false,"_monsterinsights_sitenote_active":false,"_monsterinsights_sitenote_note":"","_monsterinsights_sitenote_category":0,"site-container-style":"default","site-container-layout":"default","site-sidebar-layout":"default","disable-article-header":"default","disable-site-header":"default","disable-site-footer":"default","disable-content-area-spacing":"default","_jetpack_memberships_contains_paid_content":false,"footnotes":"","jetpack_publicize_message":"","jetpack_publicize_feature_enabled":true,"jetpack_social_post_already_shared":false,"jetpack_social_options":{"image_generator_settings":{"template":"highway","default_image_id":0,"font":"","enabled":false},"version":2}},"categories":[7],"tags":[],"class_list":["post-1108","post","type-post","status-publish","format-standard","has-post-thumbnail","hentry","category-notas-de-prensa"],"jetpack_publicize_connections":[],"jetpack_featured_media_url":"https:\/\/987aldia.com\/web\/wp-content\/uploads\/2023\/05\/Arau.jpg","jetpack_sharing_enabled":true,"_links":{"self":[{"href":"https:\/\/987aldia.com\/web\/wp-json\/wp\/v2\/posts\/1108","targetHints":{"allow":["GET"]}}],"collection":[{"href":"https:\/\/987aldia.com\/web\/wp-json\/wp\/v2\/posts"}],"about":[{"href":"https:\/\/987aldia.com\/web\/wp-json\/wp\/v2\/types\/post"}],"author":[{"embeddable":true,"href":"https:\/\/987aldia.com\/web\/wp-json\/wp\/v2\/users\/1"}],"replies":[{"embeddable":true,"href":"https:\/\/987aldia.com\/web\/wp-json\/wp\/v2\/comments?post=1108"}],"version-history":[{"count":1,"href":"https:\/\/987aldia.com\/web\/wp-json\/wp\/v2\/posts\/1108\/revisions"}],"predecessor-version":[{"id":1110,"href":"https:\/\/987aldia.com\/web\/wp-json\/wp\/v2\/posts\/1108\/revisions\/1110"}],"wp:featuredmedia":[{"embeddable":true,"href":"https:\/\/987aldia.com\/web\/wp-json\/wp\/v2\/media\/1109"}],"wp:attachment":[{"href":"https:\/\/987aldia.com\/web\/wp-json\/wp\/v2\/media?parent=1108"}],"wp:term":[{"taxonomy":"category","embeddable":true,"href":"https:\/\/987aldia.com\/web\/wp-json\/wp\/v2\/categories?post=1108"},{"taxonomy":"post_tag","embeddable":true,"href":"https:\/\/987aldia.com\/web\/wp-json\/wp\/v2\/tags?post=1108"}],"curies":[{"name":"wp","href":"https:\/\/api.w.org\/{rel}","templated":true}]}}