{"id":11088,"date":"2025-11-24T14:38:54","date_gmt":"2025-11-24T13:38:54","guid":{"rendered":"https:\/\/987aldia.com\/web\/el-bierzo-contara-con-helicoptero-sanitario-operativo-a-partir-de-enero\/"},"modified":"2025-11-24T14:38:54","modified_gmt":"2025-11-24T13:38:54","slug":"el-bierzo-contara-con-helicoptero-sanitario-operativo-a-partir-de-enero","status":"publish","type":"post","link":"https:\/\/987aldia.com\/web\/el-bierzo-contara-con-helicoptero-sanitario-operativo-a-partir-de-enero\/","title":{"rendered":"El Bierzo contar\u00e1 con helic\u00f3ptero sanitario operativo a partir de enero"},"content":{"rendered":"<p>El \u00e1rea de salud del Bierzo dispondr\u00e1 de un helic\u00f3ptero sanitario operativo desde enero del pr\u00f3ximo a\u00f1o. La directora general de Asistencia Sanitaria y Humanizaci\u00f3n, Silvia Fern\u00e1ndez, anunci\u00f3 la finalizaci\u00f3n de las intervenciones en el helipuerto del Cueto, compartido con los aparatos de lucha contra incendios, para garantizar su funcionamiento los 365 d\u00edas del a\u00f1o.<\/p>\n<p>Adem\u00e1s de este avance, Fern\u00e1ndez destac\u00f3 la mejora en la cartera de servicios del Hospital El Bierzo, que incluye la cobertura de cuatro plazas de Oncolog\u00eda y la preparaci\u00f3n del servicio de Ginecolog\u00eda para utilizar el robot Da Vinci a principios del pr\u00f3ximo a\u00f1o. Tambi\u00e9n se pondr\u00e1 en marcha una Unidad de Ictus a finales de a\u00f1o, evitando derivaciones a Le\u00f3n, y se ultiman obras en el \u00e1rea de Rehabilitaci\u00f3n.<\/p>\n<p>En el \u00e1mbito de Cardiolog\u00eda, se ampliar\u00e1 la oferta con una unidad de arritmolog\u00eda b\u00e1sica, imagen cardiol\u00f3gica y rehabilitaci\u00f3n card\u00edaca. Asimismo, se avanza en la digitalizaci\u00f3n del bloque quir\u00fargico y en la anatom\u00eda patol\u00f3gica digital para tratamientos oncol\u00f3gicos.<\/p>\n<p>El gerente de Asistencia Sanitaria del Bierzo, Juan Ortiz de Saracho, destac\u00f3 la colaboraci\u00f3n con la Junta y el consejero de Sanidad, Alejandro V\u00e1zquez, en la ejecuci\u00f3n de este plan integral de mejoras.<\/p>\n<p>Respecto a la falta de especialistas en Otorrinolaringolog\u00eda, Ortiz de Saracho reconoci\u00f3 la complejidad del panorama sanitario y confirm\u00f3 que el servicio se reforzar\u00e1 con profesionales de otros hospitales, siguiendo la misma estrategia aplicada en Oncolog\u00eda. \u00abLa colaboraci\u00f3n entre hospitales y profesionales nos permite avanzar y asegurar la atenci\u00f3n a los pacientes del Bierzo\u00bb, indic\u00f3.<\/p>\n<p>Este desarrollo supone un importante avance para la regi\u00f3n, mejorando la capacidad de respuesta sanitaria y reduciendo la dependencia de servicios externos. La implementaci\u00f3n de estas mejoras se espera que tenga un impacto positivo en la atenci\u00f3n m\u00e9dica de la poblaci\u00f3n local, con proyecciones de continuar fortaleciendo la infraestructura sanitaria en el futuro.<\/p>\n","protected":false},"excerpt":{"rendered":"<p>La Junta ultima la base del helipuerto del Cueto y refuerza servicios m\u00e9dicos ante la escasez de especialistas.<\/p>\n","protected":false},"author":1,"featured_media":11089,"comment_status":"open","ping_status":"closed","sticky":false,"template":"","format":"standard","meta":{"_monsterinsights_skip_tracking":false,"_monsterinsights_sitenote_active":false,"_monsterinsights_sitenote_note":"","_monsterinsights_sitenote_category":0,"site-container-style":"default","site-container-layout":"default","site-sidebar-layout":"default","disable-article-header":"default","disable-site-header":"default","disable-site-footer":"default","disable-content-area-spacing":"default","_jetpack_memberships_contains_paid_content":false,"footnotes":"","jetpack_publicize_message":"","jetpack_publicize_feature_enabled":true,"jetpack_social_post_already_shared":true,"jetpack_social_options":{"image_generator_settings":{"template":"highway","default_image_id":0,"font":"","enabled":false},"version":2}},"categories":[1],"tags":[],"class_list":["post-11088","post","type-post","status-publish","format-standard","has-post-thumbnail","hentry","category-uncategorized"],"jetpack_publicize_connections":[],"jetpack_featured_media_url":"https:\/\/987aldia.com\/web\/wp-content\/uploads\/2025\/11\/articulo_20251124_133830_sFMNdH.jpg","jetpack_sharing_enabled":true,"_links":{"self":[{"href":"https:\/\/987aldia.com\/web\/wp-json\/wp\/v2\/posts\/11088","targetHints":{"allow":["GET"]}}],"collection":[{"href":"https:\/\/987aldia.com\/web\/wp-json\/wp\/v2\/posts"}],"about":[{"href":"https:\/\/987aldia.com\/web\/wp-json\/wp\/v2\/types\/post"}],"author":[{"embeddable":true,"href":"https:\/\/987aldia.com\/web\/wp-json\/wp\/v2\/users\/1"}],"replies":[{"embeddable":true,"href":"https:\/\/987aldia.com\/web\/wp-json\/wp\/v2\/comments?post=11088"}],"version-history":[{"count":0,"href":"https:\/\/987aldia.com\/web\/wp-json\/wp\/v2\/posts\/11088\/revisions"}],"wp:featuredmedia":[{"embeddable":true,"href":"https:\/\/987aldia.com\/web\/wp-json\/wp\/v2\/media\/11089"}],"wp:attachment":[{"href":"https:\/\/987aldia.com\/web\/wp-json\/wp\/v2\/media?parent=11088"}],"wp:term":[{"taxonomy":"category","embeddable":true,"href":"https:\/\/987aldia.com\/web\/wp-json\/wp\/v2\/categories?post=11088"},{"taxonomy":"post_tag","embeddable":true,"href":"https:\/\/987aldia.com\/web\/wp-json\/wp\/v2\/tags?post=11088"}],"curies":[{"name":"wp","href":"https:\/\/api.w.org\/{rel}","templated":true}]}}