{"id":11094,"date":"2025-11-25T19:57:05","date_gmt":"2025-11-25T18:57:05","guid":{"rendered":"https:\/\/987aldia.com\/web\/la-vicepresidenta-de-castilla-y-leon-participa-en-el-foro-espana-360-en-madrid\/"},"modified":"2025-11-25T19:57:05","modified_gmt":"2025-11-25T18:57:05","slug":"la-vicepresidenta-de-castilla-y-leon-participa-en-el-foro-espana-360-en-madrid","status":"publish","type":"post","link":"https:\/\/987aldia.com\/web\/la-vicepresidenta-de-castilla-y-leon-participa-en-el-foro-espana-360-en-madrid\/","title":{"rendered":"La vicepresidenta de Castilla y Le\u00f3n participa en el foro &#8216;Espa\u00f1a 360&#8217; en Madrid"},"content":{"rendered":"<p>La vicepresidenta de la Junta de Castilla y Le\u00f3n y consejera de Familia e Igualdad de Oportunidades, Isabel Blanco, ha participado el 25 de noviembre de 2025 en el foro &#8216;Espa\u00f1a 360. Primer encuentro de comunidades aut\u00f3nomas&#8217;, celebrado en Madrid. Este evento, organizado por el grupo period\u00edstico espa\u00f1ol Prensa Ib\u00e9rica, reuni\u00f3 a representantes pol\u00edticos, miembros de diversas administraciones y organismos, as\u00ed como a personalidades del mundo empresarial.<\/p>\n<p>El foro &#8216;Espa\u00f1a 360&#8217; se centr\u00f3 en analizar los desaf\u00edos econ\u00f3micos, pol\u00edticos y sociales que enfrentan Espa\u00f1a y sus comunidades aut\u00f3nomas. Los temas abordados incluyeron la demograf\u00eda, el Estado social y el medio ambiente, entre otros.<\/p>\n<p>Isabel Blanco particip\u00f3 espec\u00edficamente en la mesa redonda titulada &#8216;Las comunidades aut\u00f3nomas, ante el desaf\u00edo de crecer, competir y atraer inversi\u00f3n&#8217;. Durante esta sesi\u00f3n, se discutieron cuestiones cruciales como las pol\u00edticas p\u00fablicas, la fiscalidad, las infraestructuras como motor de competitividad y los incentivos al tejido empresarial.<\/p>\n<p>Este evento tiene un impacto significativo en la regi\u00f3n de Castilla y Le\u00f3n, ya que permite a sus representantes compartir experiencias y estrategias con otras comunidades aut\u00f3nomas, fortaleciendo as\u00ed su posici\u00f3n en el \u00e1mbito nacional. Adem\u00e1s, la participaci\u00f3n de figuras clave como Isabel Blanco subraya el compromiso de Castilla y Le\u00f3n con el desarrollo sostenible y la competitividad econ\u00f3mica.<\/p>\n<p>A nivel auton\u00f3mico y nacional, encuentros como &#8216;Espa\u00f1a 360&#8217; son fundamentales para fomentar el di\u00e1logo y la colaboraci\u00f3n entre las diferentes regiones de Espa\u00f1a. Estos foros ofrecen una plataforma para discutir y abordar los desaf\u00edos comunes, promoviendo un enfoque integrado para el desarrollo del pa\u00eds.<\/p>\n<p>De cara al futuro, se espera que las conclusiones y propuestas surgidas de este foro influyan en las pol\u00edticas regionales y nacionales, contribuyendo a un crecimiento m\u00e1s equitativo y sostenible en toda Espa\u00f1a. La participaci\u00f3n activa de l\u00edderes regionales en estos debates es crucial para asegurar que las necesidades y prioridades de cada comunidad aut\u00f3noma sean tenidas en cuenta en la agenda nacional.<\/p>\n","protected":false},"excerpt":{"rendered":"<p>Isabel Blanco aborda los retos econ\u00f3micos y sociales en un evento organizado por Prensa Ib\u00e9rica.<\/p>\n","protected":false},"author":1,"featured_media":11095,"comment_status":"open","ping_status":"closed","sticky":false,"template":"","format":"standard","meta":{"_monsterinsights_skip_tracking":false,"_monsterinsights_sitenote_active":false,"_monsterinsights_sitenote_note":"","_monsterinsights_sitenote_category":0,"site-container-style":"default","site-container-layout":"default","site-sidebar-layout":"default","disable-article-header":"default","disable-site-header":"default","disable-site-footer":"default","disable-content-area-spacing":"default","_jetpack_memberships_contains_paid_content":false,"footnotes":"","jetpack_publicize_message":"","jetpack_publicize_feature_enabled":true,"jetpack_social_post_already_shared":true,"jetpack_social_options":{"image_generator_settings":{"template":"highway","default_image_id":0,"font":"","enabled":false},"version":2}},"categories":[1],"tags":[],"class_list":["post-11094","post","type-post","status-publish","format-standard","has-post-thumbnail","hentry","category-uncategorized"],"jetpack_publicize_connections":[],"jetpack_featured_media_url":"https:\/\/987aldia.com\/web\/wp-content\/uploads\/2025\/11\/articulo_20251125_185645_OZGG6P.webp","jetpack_sharing_enabled":true,"_links":{"self":[{"href":"https:\/\/987aldia.com\/web\/wp-json\/wp\/v2\/posts\/11094","targetHints":{"allow":["GET"]}}],"collection":[{"href":"https:\/\/987aldia.com\/web\/wp-json\/wp\/v2\/posts"}],"about":[{"href":"https:\/\/987aldia.com\/web\/wp-json\/wp\/v2\/types\/post"}],"author":[{"embeddable":true,"href":"https:\/\/987aldia.com\/web\/wp-json\/wp\/v2\/users\/1"}],"replies":[{"embeddable":true,"href":"https:\/\/987aldia.com\/web\/wp-json\/wp\/v2\/comments?post=11094"}],"version-history":[{"count":0,"href":"https:\/\/987aldia.com\/web\/wp-json\/wp\/v2\/posts\/11094\/revisions"}],"wp:featuredmedia":[{"embeddable":true,"href":"https:\/\/987aldia.com\/web\/wp-json\/wp\/v2\/media\/11095"}],"wp:attachment":[{"href":"https:\/\/987aldia.com\/web\/wp-json\/wp\/v2\/media?parent=11094"}],"wp:term":[{"taxonomy":"category","embeddable":true,"href":"https:\/\/987aldia.com\/web\/wp-json\/wp\/v2\/categories?post=11094"},{"taxonomy":"post_tag","embeddable":true,"href":"https:\/\/987aldia.com\/web\/wp-json\/wp\/v2\/tags?post=11094"}],"curies":[{"name":"wp","href":"https:\/\/api.w.org\/{rel}","templated":true}]}}